{"id":1790,"date":"2019-03-18T20:20:43","date_gmt":"2019-03-18T19:20:43","guid":{"rendered":"http:\/\/terminusaquo.eu\/teatr\/?p=1790"},"modified":"2019-05-23T21:35:05","modified_gmt":"2019-05-23T19:35:05","slug":"do-konca","status":"publish","type":"post","link":"http:\/\/terminusaquo.eu\/teatr\/de\/do-konca\/","title":{"rendered":"Do ko\u0144ca"},"content":{"rendered":"<h4 class=\"spektakle\">O spektaklu<\/h4>\n<p>\u201eDo ko\u0144ca\u201d to spektakl plastyczny, w kt\u00f3rym dopatrze\u0107 si\u0119 mo\u017cna element\u00f3w ta\u0144ca butoh, ale tak\u017ce obraz\u00f3w plastycznych, a przede wszystkim poetyki teatralnej charakterystycznej dla TERMINUS  A QUO. Nie ma tu ani moment\u00f3w zwrotnych ani zaskakuj\u0105cych scen. Tonacja spektaklu jest utrwalona w czynno\u015bciach i obrazach, kt\u00f3re charakteryzuj\u0105 si\u0119 dyscyplin\u0105 medytacyjn\u0105. Mo\u017cna okre\u015bli\u0107 ten spektakl jako spektakl utrzymany w kategorii spektakli charakteryzuj\u0105cych si\u0119 g\u0142\u0119bok\u0105 poetyk\u0105. Muzyka, ruch, s\u0142owo, \u015bwiat\u0142o, rekwizyty, glina, woda \u2013 to elementy tworz\u0105ce aur\u0119 i budulec tego spektaklu.\n<br><br>\nSpektakl firmowany przez Teatr TERMINUS A QUO.\n<\/p>\n<h4 class=\"spektakle\">Galeria<\/h4>\n<p>Wkr\u00f3tce<\/p>\n<h4 class=\"spektakle\">Geneza<\/h4>\n<p>260 mia\u0142a miejsce 14 pa\u017adziernika 2017roku w Teatrze TERMINUS A QUO w Nowej Soli, podczas INAUGURACJI 42 SEZONU TEATRALNEGO TEATRU \u201eTERMINUS A QUO\u201d. Autorski spektakl w inscenizacji i re\u017cyserii Edwarda Gramonta, podparty tekstem \u201eList mi\u0142osny\u201d Rupi Kaur &amp; Edward Gramont<\/p>\n<h4 class=\"spektakle\">Aktorzy<\/h4>\n<p><strong>Obecny sk\u0142ad zespo\u0142u<\/strong><br>Ada Bednarek<br>Edward Gramont<\/p>\n<h4 class=\"spektakle\">Kronika<\/h4>\n<p>Ilo\u015b\u0107 wystawie\u0144 sztuki: 6<\/p>\n<p><strong>Wa\u017cniejsze wystawienia sztuki: <\/strong><\/p>\n<ul>\n<li>14 pa\u017adziernika 2017 \u2013 Nowa S\u00f3l. Teatr TERMINUS A QUO. INAUGURACJA 42 SEZONU TEATRALNEGO TEATRU \u201eTERMINUS  A QUO\u201d<\/li>\n<li>17 grudnia 2017 \u2013 Nowa S\u00f3l. Teatr TERMINUS A QUO. GNAJT \u2013 GRUDNIOWA NOC aMBARASUJ\u0104CEGO JEDNAKOWO\u017b TEATRU<\/li>\n<li>16 sierpnia 2018 \u2013 Gniezno. Rynek. KR\u00d3LEWSKI FESTIWAL ARTYSTYCZNY. IV GNIE\u0179NIE\u0143SKIE SPOTKANIA TEATRALNE \u201eBEZ KURTYNY\u201d<\/li>\n<li>16 listopada 2018 &#8211; Nowa S\u00f3l. Teatr TERMINUS A QUO. 26 SPOTKANIE TEATRU OTWARTEGO \u2013 STO<\/li>\n<li>2019 &#8211; Mogilno. Mogile\u0144ski Dom Kultury. XVIII MOGILE\u0143SKIE SPOTKANIA PLASTYCZNE<\/li>\n<li>1 marca 2019 \u2013 \u015awidnica. \u015awidnicki O\u015brodek Kultury. XVI FORUM TEATR\u00d3W NIEZALE\u017bNYCH \u201eTRANSFORMACJE\u201d<\/li>\n<\/ul>\nFot. Karol Kolba","protected":false},"excerpt":{"rendered":"<p>O spektaklu \u201eDo ko\u0144ca\u201d to spektakl plastyczny, w kt\u00f3rym dopatrze\u0107 si\u0119 mo\u017cna element\u00f3w ta\u0144ca butoh, ale tak\u017ce obraz\u00f3w plastycznych, a przede wszystkim poetyki teatralnej charakterystycznej dla TERMINUS A QUO. Nie ma tu ani moment\u00f3w zwrotnych ani zaskakuj\u0105cych scen. Tonacja spektaklu jest utrwalona w czynno\u015bciach i obrazach, kt\u00f3re charakteryzuj\u0105 si\u0119 dyscyplin\u0105 medytacyjn\u0105. Mo\u017cna okre\u015bli\u0107 ten spektakl [&hellip;]<\/p>","protected":false},"author":1,"featured_media":1791,"comment_status":"closed","ping_status":"closed","sticky":false,"template":"","format":"standard","meta":{"ngg_post_thumbnail":0,"footnotes":""},"categories":[8,4],"tags":[],"class_list":["post-1790","post","type-post","status-publish","format-standard","has-post-thumbnail","hentry","category-sceniczne","category-spektakle"],"blocksy_meta":[],"yoast_head":"<!-- This site is optimized with the Yoast SEO plugin v24.5 - https:\/\/yoast.com\/wordpress\/plugins\/seo\/ -->\n<title>Do ko\u0144ca - Sceniczne, Spektakle -<\/title>\n<meta name=\"robots\" content=\"index, follow, max-snippet:-1, max-image-preview:large, max-video-preview:-1\" \/>\n<link rel=\"canonical\" href=\"https:\/\/terminusaquo.eu\/teatr\/de\/do-konca\/\" \/>\n<meta property=\"og:locale\" content=\"de_DE\" \/>\n<meta property=\"og:type\" content=\"article\" \/>\n<meta property=\"og:title\" content=\"Do ko\u0144ca - Sceniczne, Spektakle -\" \/>\n<meta property=\"og:description\" content=\"O spektaklu \u201eDo ko\u0144ca\u201d to spektakl plastyczny, w kt\u00f3rym dopatrze\u0107 si\u0119 mo\u017cna element\u00f3w ta\u0144ca butoh, ale tak\u017ce obraz\u00f3w plastycznych, a przede wszystkim poetyki teatralnej charakterystycznej dla TERMINUS A QUO. Nie ma tu ani moment\u00f3w zwrotnych ani zaskakuj\u0105cych scen. Tonacja spektaklu jest utrwalona w czynno\u015bciach i obrazach, kt\u00f3re charakteryzuj\u0105 si\u0119 dyscyplin\u0105 medytacyjn\u0105. Mo\u017cna okre\u015bli\u0107 ten spektakl [&hellip;]\" \/>\n<meta property=\"og:url\" content=\"https:\/\/terminusaquo.eu\/teatr\/de\/do-konca\/\" \/>\n<meta property=\"og:site_name\" content=\"Teatr Terminus A Quo\" \/>\n<meta property=\"article:publisher\" content=\"https:\/\/www.facebook.com\/terminusaquo\" \/>\n<meta property=\"article:published_time\" content=\"2019-03-18T19:20:43+00:00\" \/>\n<meta property=\"article:modified_time\" content=\"2019-05-23T19:35:05+00:00\" \/>\n<meta property=\"og:image\" content=\"https:\/\/terminusaquo.eu\/teatr\/wp-content\/uploads\/2019\/03\/Do_Konca_Spektakl_Terminus_A_Quo_Ada_Bednarek_Edward_Gramont_Nowa_Sol_fot-Karol_Kolba.jpg\" \/>\n\t<meta property=\"og:image:width\" content=\"1944\" \/>\n\t<meta property=\"og:image:height\" content=\"1458\" \/>\n\t<meta property=\"og:image:type\" content=\"image\/jpeg\" \/>\n<meta name=\"author\" content=\"Teatr TAQ\" \/>\n<meta name=\"twitter:label1\" content=\"Verfasst von\" \/>\n\t<meta name=\"twitter:data1\" content=\"Teatr TAQ\" \/>\n\t<meta name=\"twitter:label2\" content=\"Gesch\u00e4tzte Lesezeit\" \/>\n\t<meta name=\"twitter:data2\" content=\"1\u00a0Minute\" \/>\n<script type=\"application\/ld+json\" class=\"yoast-schema-graph\">{\"@context\":\"https:\/\/schema.org\",\"@graph\":[{\"@type\":\"Article\",\"@id\":\"https:\/\/terminusaquo.eu\/teatr\/do-konca\/#article\",\"isPartOf\":{\"@id\":\"https:\/\/terminusaquo.eu\/teatr\/do-konca\/\"},\"author\":{\"name\":\"Teatr TAQ\",\"@id\":\"https:\/\/terminusaquo.eu\/teatr\/#\/schema\/person\/76dc769bf2139b975dc161c0184732c0\"},\"headline\":\"Do ko\u0144ca\",\"datePublished\":\"2019-03-18T19:20:43+00:00\",\"dateModified\":\"2019-05-23T19:35:05+00:00\",\"mainEntityOfPage\":{\"@id\":\"https:\/\/terminusaquo.eu\/teatr\/do-konca\/\"},\"wordCount\":256,\"publisher\":{\"@id\":\"https:\/\/terminusaquo.eu\/teatr\/#organization\"},\"image\":{\"@id\":\"https:\/\/terminusaquo.eu\/teatr\/do-konca\/#primaryimage\"},\"thumbnailUrl\":\"https:\/\/terminusaquo.eu\/teatr\/wp-content\/uploads\/2019\/03\/Do_Konca_Spektakl_Terminus_A_Quo_Ada_Bednarek_Edward_Gramont_Nowa_Sol_fot-Karol_Kolba.jpg\",\"articleSection\":[\"Sceniczne\",\"Spektakle\"],\"inLanguage\":\"de\"},{\"@type\":\"WebPage\",\"@id\":\"https:\/\/terminusaquo.eu\/teatr\/do-konca\/\",\"url\":\"https:\/\/terminusaquo.eu\/teatr\/do-konca\/\",\"name\":\"Do ko\u0144ca - Sceniczne, Spektakle -\",\"isPartOf\":{\"@id\":\"https:\/\/terminusaquo.eu\/teatr\/#website\"},\"primaryImageOfPage\":{\"@id\":\"https:\/\/terminusaquo.eu\/teatr\/do-konca\/#primaryimage\"},\"image\":{\"@id\":\"https:\/\/terminusaquo.eu\/teatr\/do-konca\/#primaryimage\"},\"thumbnailUrl\":\"https:\/\/terminusaquo.eu\/teatr\/wp-content\/uploads\/2019\/03\/Do_Konca_Spektakl_Terminus_A_Quo_Ada_Bednarek_Edward_Gramont_Nowa_Sol_fot-Karol_Kolba.jpg\",\"datePublished\":\"2019-03-18T19:20:43+00:00\",\"dateModified\":\"2019-05-23T19:35:05+00:00\",\"breadcrumb\":{\"@id\":\"https:\/\/terminusaquo.eu\/teatr\/do-konca\/#breadcrumb\"},\"inLanguage\":\"de\",\"potentialAction\":[{\"@type\":\"ReadAction\",\"target\":[\"https:\/\/terminusaquo.eu\/teatr\/do-konca\/\"]}]},{\"@type\":\"ImageObject\",\"inLanguage\":\"de\",\"@id\":\"https:\/\/terminusaquo.eu\/teatr\/do-konca\/#primaryimage\",\"url\":\"https:\/\/terminusaquo.eu\/teatr\/wp-content\/uploads\/2019\/03\/Do_Konca_Spektakl_Terminus_A_Quo_Ada_Bednarek_Edward_Gramont_Nowa_Sol_fot-Karol_Kolba.jpg\",\"contentUrl\":\"https:\/\/terminusaquo.eu\/teatr\/wp-content\/uploads\/2019\/03\/Do_Konca_Spektakl_Terminus_A_Quo_Ada_Bednarek_Edward_Gramont_Nowa_Sol_fot-Karol_Kolba.jpg\",\"width\":1944,\"height\":1458,\"caption\":\"Do Konca Spektakl Terminus A Quo Ada Bednarek Edward Gramont Nowa Sol fot Karol Kolba\"},{\"@type\":\"BreadcrumbList\",\"@id\":\"https:\/\/terminusaquo.eu\/teatr\/do-konca\/#breadcrumb\",\"itemListElement\":[{\"@type\":\"ListItem\",\"position\":1,\"name\":\"Teatr TAQ\",\"item\":\"https:\/\/terminusaquo.eu\/teatr\/\"},{\"@type\":\"ListItem\",\"position\":2,\"name\":\"Spektakle\",\"item\":\"https:\/\/terminusaquo.eu\/teatr\/spektakle\/\"},{\"@type\":\"ListItem\",\"position\":3,\"name\":\"Do ko\u0144ca\"}]},{\"@type\":\"WebSite\",\"@id\":\"https:\/\/terminusaquo.eu\/teatr\/#website\",\"url\":\"https:\/\/terminusaquo.eu\/teatr\/\",\"name\":\"Teatr Terminus A Quo\",\"description\":\"\",\"publisher\":{\"@id\":\"https:\/\/terminusaquo.eu\/teatr\/#organization\"},\"potentialAction\":[{\"@type\":\"SearchAction\",\"target\":{\"@type\":\"EntryPoint\",\"urlTemplate\":\"https:\/\/terminusaquo.eu\/teatr\/?s={search_term_string}\"},\"query-input\":{\"@type\":\"PropertyValueSpecification\",\"valueRequired\":true,\"valueName\":\"search_term_string\"}}],\"inLanguage\":\"de\"},{\"@type\":\"Organization\",\"@id\":\"https:\/\/terminusaquo.eu\/teatr\/#organization\",\"name\":\"Teatr Terminus A Quo\",\"url\":\"https:\/\/terminusaquo.eu\/teatr\/\",\"logo\":{\"@type\":\"ImageObject\",\"inLanguage\":\"de\",\"@id\":\"https:\/\/terminusaquo.eu\/teatr\/#\/schema\/logo\/image\/\",\"url\":\"https:\/\/terminusaquo.eu\/teatr\/wp-content\/uploads\/2013\/08\/cropped-taq-news-logo.png\",\"contentUrl\":\"https:\/\/terminusaquo.eu\/teatr\/wp-content\/uploads\/2013\/08\/cropped-taq-news-logo.png\",\"width\":233,\"height\":238,\"caption\":\"Teatr Terminus A Quo\"},\"image\":{\"@id\":\"https:\/\/terminusaquo.eu\/teatr\/#\/schema\/logo\/image\/\"},\"sameAs\":[\"https:\/\/www.facebook.com\/terminusaquo\"]},{\"@type\":\"Person\",\"@id\":\"https:\/\/terminusaquo.eu\/teatr\/#\/schema\/person\/76dc769bf2139b975dc161c0184732c0\",\"name\":\"Teatr TAQ\",\"image\":{\"@type\":\"ImageObject\",\"inLanguage\":\"de\",\"@id\":\"https:\/\/terminusaquo.eu\/teatr\/#\/schema\/person\/image\/\",\"url\":\"https:\/\/secure.gravatar.com\/avatar\/2ab5fc173a67d7214d768b697dbbe2b6a8e725bfc11a7dd8377e4b5213b79fb4?s=96&d=mm&r=g\",\"contentUrl\":\"https:\/\/secure.gravatar.com\/avatar\/2ab5fc173a67d7214d768b697dbbe2b6a8e725bfc11a7dd8377e4b5213b79fb4?s=96&d=mm&r=g\",\"caption\":\"Teatr TAQ\"}}]}<\/script>\n<!-- \/ Yoast SEO plugin. -->","yoast_head_json":{"title":"Do ko\u0144ca - Sceniczne, Spektakle -","robots":{"index":"index","follow":"follow","max-snippet":"max-snippet:-1","max-image-preview":"max-image-preview:large","max-video-preview":"max-video-preview:-1"},"canonical":"https:\/\/terminusaquo.eu\/teatr\/de\/do-konca\/","og_locale":"de_DE","og_type":"article","og_title":"Do ko\u0144ca - Sceniczne, Spektakle -","og_description":"O spektaklu \u201eDo ko\u0144ca\u201d to spektakl plastyczny, w kt\u00f3rym dopatrze\u0107 si\u0119 mo\u017cna element\u00f3w ta\u0144ca butoh, ale tak\u017ce obraz\u00f3w plastycznych, a przede wszystkim poetyki teatralnej charakterystycznej dla TERMINUS A QUO. Nie ma tu ani moment\u00f3w zwrotnych ani zaskakuj\u0105cych scen. Tonacja spektaklu jest utrwalona w czynno\u015bciach i obrazach, kt\u00f3re charakteryzuj\u0105 si\u0119 dyscyplin\u0105 medytacyjn\u0105. Mo\u017cna okre\u015bli\u0107 ten spektakl [&hellip;]","og_url":"https:\/\/terminusaquo.eu\/teatr\/de\/do-konca\/","og_site_name":"Teatr Terminus A Quo","article_publisher":"https:\/\/www.facebook.com\/terminusaquo","article_published_time":"2019-03-18T19:20:43+00:00","article_modified_time":"2019-05-23T19:35:05+00:00","og_image":[{"width":1944,"height":1458,"url":"https:\/\/terminusaquo.eu\/teatr\/wp-content\/uploads\/2019\/03\/Do_Konca_Spektakl_Terminus_A_Quo_Ada_Bednarek_Edward_Gramont_Nowa_Sol_fot-Karol_Kolba.jpg","type":"image\/jpeg"}],"author":"Teatr TAQ","twitter_misc":{"Verfasst von":"Teatr TAQ","Gesch\u00e4tzte Lesezeit":"1\u00a0Minute"},"schema":{"@context":"https:\/\/schema.org","@graph":[{"@type":"Article","@id":"https:\/\/terminusaquo.eu\/teatr\/do-konca\/#article","isPartOf":{"@id":"https:\/\/terminusaquo.eu\/teatr\/do-konca\/"},"author":{"name":"Teatr TAQ","@id":"https:\/\/terminusaquo.eu\/teatr\/#\/schema\/person\/76dc769bf2139b975dc161c0184732c0"},"headline":"Do ko\u0144ca","datePublished":"2019-03-18T19:20:43+00:00","dateModified":"2019-05-23T19:35:05+00:00","mainEntityOfPage":{"@id":"https:\/\/terminusaquo.eu\/teatr\/do-konca\/"},"wordCount":256,"publisher":{"@id":"https:\/\/terminusaquo.eu\/teatr\/#organization"},"image":{"@id":"https:\/\/terminusaquo.eu\/teatr\/do-konca\/#primaryimage"},"thumbnailUrl":"https:\/\/terminusaquo.eu\/teatr\/wp-content\/uploads\/2019\/03\/Do_Konca_Spektakl_Terminus_A_Quo_Ada_Bednarek_Edward_Gramont_Nowa_Sol_fot-Karol_Kolba.jpg","articleSection":["Sceniczne","Spektakle"],"inLanguage":"de"},{"@type":"WebPage","@id":"https:\/\/terminusaquo.eu\/teatr\/do-konca\/","url":"https:\/\/terminusaquo.eu\/teatr\/do-konca\/","name":"Do ko\u0144ca - Sceniczne, Spektakle -","isPartOf":{"@id":"https:\/\/terminusaquo.eu\/teatr\/#website"},"primaryImageOfPage":{"@id":"https:\/\/terminusaquo.eu\/teatr\/do-konca\/#primaryimage"},"image":{"@id":"https:\/\/terminusaquo.eu\/teatr\/do-konca\/#primaryimage"},"thumbnailUrl":"https:\/\/terminusaquo.eu\/teatr\/wp-content\/uploads\/2019\/03\/Do_Konca_Spektakl_Terminus_A_Quo_Ada_Bednarek_Edward_Gramont_Nowa_Sol_fot-Karol_Kolba.jpg","datePublished":"2019-03-18T19:20:43+00:00","dateModified":"2019-05-23T19:35:05+00:00","breadcrumb":{"@id":"https:\/\/terminusaquo.eu\/teatr\/do-konca\/#breadcrumb"},"inLanguage":"de","potentialAction":[{"@type":"ReadAction","target":["https:\/\/terminusaquo.eu\/teatr\/do-konca\/"]}]},{"@type":"ImageObject","inLanguage":"de","@id":"https:\/\/terminusaquo.eu\/teatr\/do-konca\/#primaryimage","url":"https:\/\/terminusaquo.eu\/teatr\/wp-content\/uploads\/2019\/03\/Do_Konca_Spektakl_Terminus_A_Quo_Ada_Bednarek_Edward_Gramont_Nowa_Sol_fot-Karol_Kolba.jpg","contentUrl":"https:\/\/terminusaquo.eu\/teatr\/wp-content\/uploads\/2019\/03\/Do_Konca_Spektakl_Terminus_A_Quo_Ada_Bednarek_Edward_Gramont_Nowa_Sol_fot-Karol_Kolba.jpg","width":1944,"height":1458,"caption":"Do Konca Spektakl Terminus A Quo Ada Bednarek Edward Gramont Nowa Sol fot Karol Kolba"},{"@type":"BreadcrumbList","@id":"https:\/\/terminusaquo.eu\/teatr\/do-konca\/#breadcrumb","itemListElement":[{"@type":"ListItem","position":1,"name":"Teatr TAQ","item":"https:\/\/terminusaquo.eu\/teatr\/"},{"@type":"ListItem","position":2,"name":"Spektakle","item":"https:\/\/terminusaquo.eu\/teatr\/spektakle\/"},{"@type":"ListItem","position":3,"name":"Do ko\u0144ca"}]},{"@type":"WebSite","@id":"https:\/\/terminusaquo.eu\/teatr\/#website","url":"https:\/\/terminusaquo.eu\/teatr\/","name":"Teatr Terminus A Quo","description":"","publisher":{"@id":"https:\/\/terminusaquo.eu\/teatr\/#organization"},"potentialAction":[{"@type":"SearchAction","target":{"@type":"EntryPoint","urlTemplate":"https:\/\/terminusaquo.eu\/teatr\/?s={search_term_string}"},"query-input":{"@type":"PropertyValueSpecification","valueRequired":true,"valueName":"search_term_string"}}],"inLanguage":"de"},{"@type":"Organization","@id":"https:\/\/terminusaquo.eu\/teatr\/#organization","name":"Teatr Terminus A Quo","url":"https:\/\/terminusaquo.eu\/teatr\/","logo":{"@type":"ImageObject","inLanguage":"de","@id":"https:\/\/terminusaquo.eu\/teatr\/#\/schema\/logo\/image\/","url":"https:\/\/terminusaquo.eu\/teatr\/wp-content\/uploads\/2013\/08\/cropped-taq-news-logo.png","contentUrl":"https:\/\/terminusaquo.eu\/teatr\/wp-content\/uploads\/2013\/08\/cropped-taq-news-logo.png","width":233,"height":238,"caption":"Teatr Terminus A Quo"},"image":{"@id":"https:\/\/terminusaquo.eu\/teatr\/#\/schema\/logo\/image\/"},"sameAs":["https:\/\/www.facebook.com\/terminusaquo"]},{"@type":"Person","@id":"https:\/\/terminusaquo.eu\/teatr\/#\/schema\/person\/76dc769bf2139b975dc161c0184732c0","name":"Teatr TAQ","image":{"@type":"ImageObject","inLanguage":"de","@id":"https:\/\/terminusaquo.eu\/teatr\/#\/schema\/person\/image\/","url":"https:\/\/secure.gravatar.com\/avatar\/2ab5fc173a67d7214d768b697dbbe2b6a8e725bfc11a7dd8377e4b5213b79fb4?s=96&d=mm&r=g","contentUrl":"https:\/\/secure.gravatar.com\/avatar\/2ab5fc173a67d7214d768b697dbbe2b6a8e725bfc11a7dd8377e4b5213b79fb4?s=96&d=mm&r=g","caption":"Teatr TAQ"}}]}},"_links":{"self":[{"href":"http:\/\/terminusaquo.eu\/teatr\/de\/wp-json\/wp\/v2\/posts\/1790","targetHints":{"allow":["GET"]}}],"collection":[{"href":"http:\/\/terminusaquo.eu\/teatr\/de\/wp-json\/wp\/v2\/posts"}],"about":[{"href":"http:\/\/terminusaquo.eu\/teatr\/de\/wp-json\/wp\/v2\/types\/post"}],"author":[{"embeddable":true,"href":"http:\/\/terminusaquo.eu\/teatr\/de\/wp-json\/wp\/v2\/users\/1"}],"replies":[{"embeddable":true,"href":"http:\/\/terminusaquo.eu\/teatr\/de\/wp-json\/wp\/v2\/comments?post=1790"}],"version-history":[{"count":4,"href":"http:\/\/terminusaquo.eu\/teatr\/de\/wp-json\/wp\/v2\/posts\/1790\/revisions"}],"predecessor-version":[{"id":1806,"href":"http:\/\/terminusaquo.eu\/teatr\/de\/wp-json\/wp\/v2\/posts\/1790\/revisions\/1806"}],"wp:featuredmedia":[{"embeddable":true,"href":"http:\/\/terminusaquo.eu\/teatr\/de\/wp-json\/wp\/v2\/media\/1791"}],"wp:attachment":[{"href":"http:\/\/terminusaquo.eu\/teatr\/de\/wp-json\/wp\/v2\/media?parent=1790"}],"wp:term":[{"taxonomy":"category","embeddable":true,"href":"http:\/\/terminusaquo.eu\/teatr\/de\/wp-json\/wp\/v2\/categories?post=1790"},{"taxonomy":"post_tag","embeddable":true,"href":"http:\/\/terminusaquo.eu\/teatr\/de\/wp-json\/wp\/v2\/tags?post=1790"}],"curies":[{"name":"wp","href":"https:\/\/api.w.org\/{rel}","templated":true}]}}