{"id":3,"date":"2012-05-06T18:48:34","date_gmt":"2012-05-06T16:48:34","guid":{"rendered":"http:\/\/terminusaquo.eu\/teatr\/w-oknie-tanczy-cma\/"},"modified":"2013-08-30T17:18:28","modified_gmt":"2013-08-30T15:18:28","slug":"w-oknie-tanczy-cma","status":"publish","type":"post","link":"http:\/\/terminusaquo.eu\/teatr\/de\/w-oknie-tanczy-cma\/","title":{"rendered":"W oknie ta\u0144czy \u0107ma"},"content":{"rendered":"<div class=\"note opis\"><strong>O spektaklu<\/strong>\u201e<strong><em>W oknie ta\u0144czy \u0107ma<\/em><\/strong>\u201d to <strong>spektakl plastyczno &#8211; poetycki<\/strong> w nastroju refleksyjnym, gdy\u017c tre\u015bci\u0105 tego spektaklu s\u0105 <strong>refleksje poetyckie kobiety, kt\u00f3ra prze\u017cy\u0142a tragiczn\u0105 \u015bmier\u0107 swego m\u0119\u017ca.<\/strong> Wierszy, zapisk\u00f3w, refleksji nagromadzi\u0142o si\u0119 w pot\u0119\u017cna stert\u0119 s\u0142\u00f3w, kt\u00f3re wyp\u0142ywaj\u0105 na otwart\u0105 przestrze\u0144 i s\u0105 upublicznione. Pojawiaj\u0105 si\u0119 wspomnienia, tajemnicze znaki, my\u015bli kr\u0105\u017c\u0105ce wok\u00f3\u0142 bliskiej osoby, kt\u00f3rej niema ale <strong>kt\u00f3ra jest nadal obecna bo jednak \u017cyje w sferze ducha.<\/strong> To subtelna, delikatna rozmowa, kt\u00f3rej nie zak\u0142\u00f3ca \u017caden chaos ani ha\u0142as. Autorka tych poezji,<strong> El\u017cbieta Bielska Kajzer<\/strong>, to bliska przyjaci\u00f3\u0142ka teatru a jej m\u0105\u017c, kiedy \u017cy\u0142, te\u017c by\u0142 cz\u0119stym go\u015bciem na spektaklach i imprezach organizowanych przez teatr.<\/p>\n<\/div>\n<div class=\"note kalendarz\"><strong>Kronika<\/strong>Ilo\u015b\u0107 wystawie\u0144 sztuki: 3<\/p>\n<p><strong>Wa\u017cniejsze wystawienia sztuki:\u00a0<\/strong><br \/>\n13 pa\u017adziernika 2006 &#8211; Nowa S\u00f3l. Sala im. Ryszarda Cie\u015blaka. Teatr &#8222;TERMINUS A QUO&#8221;. \u015awi\u0119to 30 lat Teatru TAQ<br \/>\n6 stycznia 2007 &#8211; Nowa S\u00f3l. Sala im. Ryszarda Cie\u015blaka. Teatr &#8222;TERMINUS A QUO&#8221;.<br \/>\n31 urodziny Teatru TAQ &#8211;\u00a0 Nowa S\u00f3l. Sala im. Ryszarda Cie\u015blaka. Teatr &#8222;TERMINUS A QUO&#8221;.<\/p>\n<p>Ostatnie wystawienie sztuki:<br \/>\n6 stycznia 2007 &#8211; Nowa S\u00f3l. Sala im. Ryszarda Cie\u015blaka. Teatr &#8222;TERMINUS A QUO&#8221;. 31 urodziny Teatru TAQ<\/p>\n<\/div>\n<div class=\"note metryka\"><strong>Geneza<\/strong><strong>165 Premiera<\/strong> Teatru TAQ, mia\u0142a miejsce 2 kwietnia 2006 roku w sali im. Ryszarda Cie\u015blaka, w siedzibie Teatru TAQ w <strong>Nowej Soli.<\/strong> Edward Gramont wyselekcjonowa\u0142 i u\u0142o\u017cy\u0142 w ca\u0142o\u015b\u0107 kilkana\u015bcie <strong>wierszy El\u017cbiety Bielskiej Kajzer<\/strong>, kt\u00f3re w swej tre\u015bci nawi\u0105zywa\u0142y do tragicznej \u015bmierci jej m\u0119\u017ca.<\/p>\n<p><strong>Aktorzy<\/strong><br \/>\nJoanna Brzoza<br \/>\nKatarzyna Brzoza<br \/>\nJustyna Stasik<\/p>\n<\/div>","protected":false},"excerpt":{"rendered":"<p>O spektaklu\u201eW oknie ta\u0144czy \u0107ma\u201d to spektakl plastyczno &#8211; poetycki w nastroju refleksyjnym, gdy\u017c tre\u015bci\u0105 tego spektaklu s\u0105 refleksje poetyckie kobiety, kt\u00f3ra prze\u017cy\u0142a tragiczn\u0105 \u015bmier\u0107 swego m\u0119\u017ca. Wierszy, zapisk\u00f3w, refleksji nagromadzi\u0142o si\u0119 w pot\u0119\u017cna stert\u0119 s\u0142\u00f3w, kt\u00f3re wyp\u0142ywaj\u0105 na otwart\u0105 przestrze\u0144 i s\u0105 upublicznione. Pojawiaj\u0105 si\u0119 wspomnienia, tajemnicze znaki, my\u015bli kr\u0105\u017c\u0105ce wok\u00f3\u0142 bliskiej osoby, kt\u00f3rej [&hellip;]<\/p>","protected":false},"author":1,"featured_media":205,"comment_status":"open","ping_status":"open","sticky":false,"template":"","format":"standard","meta":{"ngg_post_thumbnail":0,"footnotes":""},"categories":[7,4],"tags":[],"class_list":["post-3","post","type-post","status-publish","format-standard","has-post-thumbnail","hentry","category-archiwalne","category-spektakle"],"blocksy_meta":[],"yoast_head":"<!-- This site is optimized with the Yoast SEO plugin v24.5 - https:\/\/yoast.com\/wordpress\/plugins\/seo\/ -->\n<title>W oknie ta\u0144czy \u0107ma - Archiwalne, Spektakle -<\/title>\n<meta name=\"robots\" content=\"index, follow, max-snippet:-1, max-image-preview:large, max-video-preview:-1\" \/>\n<link rel=\"canonical\" href=\"https:\/\/terminusaquo.eu\/teatr\/de\/w-oknie-tanczy-cma\/\" \/>\n<meta property=\"og:locale\" content=\"de_DE\" \/>\n<meta property=\"og:type\" content=\"article\" \/>\n<meta property=\"og:title\" content=\"W oknie ta\u0144czy \u0107ma - Archiwalne, Spektakle -\" \/>\n<meta property=\"og:description\" content=\"O spektaklu\u201eW oknie ta\u0144czy \u0107ma\u201d to spektakl plastyczno &#8211; poetycki w nastroju refleksyjnym, gdy\u017c tre\u015bci\u0105 tego spektaklu s\u0105 refleksje poetyckie kobiety, kt\u00f3ra prze\u017cy\u0142a tragiczn\u0105 \u015bmier\u0107 swego m\u0119\u017ca. Wierszy, zapisk\u00f3w, refleksji nagromadzi\u0142o si\u0119 w pot\u0119\u017cna stert\u0119 s\u0142\u00f3w, kt\u00f3re wyp\u0142ywaj\u0105 na otwart\u0105 przestrze\u0144 i s\u0105 upublicznione. Pojawiaj\u0105 si\u0119 wspomnienia, tajemnicze znaki, my\u015bli kr\u0105\u017c\u0105ce wok\u00f3\u0142 bliskiej osoby, kt\u00f3rej [&hellip;]\" \/>\n<meta property=\"og:url\" content=\"https:\/\/terminusaquo.eu\/teatr\/de\/w-oknie-tanczy-cma\/\" \/>\n<meta property=\"og:site_name\" content=\"Teatr Terminus A Quo\" \/>\n<meta property=\"article:publisher\" content=\"https:\/\/www.facebook.com\/terminusaquo\" \/>\n<meta property=\"article:published_time\" content=\"2012-05-06T16:48:34+00:00\" \/>\n<meta property=\"article:modified_time\" content=\"2013-08-30T15:18:28+00:00\" \/>\n<meta property=\"og:image\" content=\"https:\/\/terminusaquo.eu\/teatr\/wp-content\/uploads\/2013\/08\/taq-news-logo1.png\" \/>\n\t<meta property=\"og:image:width\" content=\"260\" \/>\n\t<meta property=\"og:image:height\" content=\"260\" \/>\n\t<meta property=\"og:image:type\" content=\"image\/png\" \/>\n<meta name=\"author\" content=\"Teatr TAQ\" \/>\n<meta name=\"twitter:label1\" content=\"Verfasst von\" \/>\n\t<meta name=\"twitter:data1\" content=\"Teatr TAQ\" \/>\n\t<meta name=\"twitter:label2\" content=\"Gesch\u00e4tzte Lesezeit\" \/>\n\t<meta name=\"twitter:data2\" content=\"1\u00a0Minute\" \/>\n<script type=\"application\/ld+json\" class=\"yoast-schema-graph\">{\"@context\":\"https:\/\/schema.org\",\"@graph\":[{\"@type\":\"Article\",\"@id\":\"https:\/\/terminusaquo.eu\/teatr\/w-oknie-tanczy-cma\/#article\",\"isPartOf\":{\"@id\":\"https:\/\/terminusaquo.eu\/teatr\/w-oknie-tanczy-cma\/\"},\"author\":{\"name\":\"Teatr TAQ\",\"@id\":\"https:\/\/terminusaquo.eu\/teatr\/#\/schema\/person\/76dc769bf2139b975dc161c0184732c0\"},\"headline\":\"W oknie ta\u0144czy \u0107ma\",\"datePublished\":\"2012-05-06T16:48:34+00:00\",\"dateModified\":\"2013-08-30T15:18:28+00:00\",\"mainEntityOfPage\":{\"@id\":\"https:\/\/terminusaquo.eu\/teatr\/w-oknie-tanczy-cma\/\"},\"wordCount\":271,\"commentCount\":0,\"publisher\":{\"@id\":\"https:\/\/terminusaquo.eu\/teatr\/#organization\"},\"image\":{\"@id\":\"https:\/\/terminusaquo.eu\/teatr\/w-oknie-tanczy-cma\/#primaryimage\"},\"thumbnailUrl\":\"https:\/\/terminusaquo.eu\/teatr\/wp-content\/uploads\/2013\/08\/taq-news-logo1.png\",\"articleSection\":[\"Archiwalne\",\"Spektakle\"],\"inLanguage\":\"de\",\"potentialAction\":[{\"@type\":\"CommentAction\",\"name\":\"Comment\",\"target\":[\"https:\/\/terminusaquo.eu\/teatr\/w-oknie-tanczy-cma\/#respond\"]}]},{\"@type\":\"WebPage\",\"@id\":\"https:\/\/terminusaquo.eu\/teatr\/w-oknie-tanczy-cma\/\",\"url\":\"https:\/\/terminusaquo.eu\/teatr\/w-oknie-tanczy-cma\/\",\"name\":\"W oknie ta\u0144czy \u0107ma - Archiwalne, Spektakle -\",\"isPartOf\":{\"@id\":\"https:\/\/terminusaquo.eu\/teatr\/#website\"},\"primaryImageOfPage\":{\"@id\":\"https:\/\/terminusaquo.eu\/teatr\/w-oknie-tanczy-cma\/#primaryimage\"},\"image\":{\"@id\":\"https:\/\/terminusaquo.eu\/teatr\/w-oknie-tanczy-cma\/#primaryimage\"},\"thumbnailUrl\":\"https:\/\/terminusaquo.eu\/teatr\/wp-content\/uploads\/2013\/08\/taq-news-logo1.png\",\"datePublished\":\"2012-05-06T16:48:34+00:00\",\"dateModified\":\"2013-08-30T15:18:28+00:00\",\"breadcrumb\":{\"@id\":\"https:\/\/terminusaquo.eu\/teatr\/w-oknie-tanczy-cma\/#breadcrumb\"},\"inLanguage\":\"de\",\"potentialAction\":[{\"@type\":\"ReadAction\",\"target\":[\"https:\/\/terminusaquo.eu\/teatr\/w-oknie-tanczy-cma\/\"]}]},{\"@type\":\"ImageObject\",\"inLanguage\":\"de\",\"@id\":\"https:\/\/terminusaquo.eu\/teatr\/w-oknie-tanczy-cma\/#primaryimage\",\"url\":\"https:\/\/terminusaquo.eu\/teatr\/wp-content\/uploads\/2013\/08\/taq-news-logo1.png\",\"contentUrl\":\"https:\/\/terminusaquo.eu\/teatr\/wp-content\/uploads\/2013\/08\/taq-news-logo1.png\",\"width\":260,\"height\":260,\"caption\":\"taq news logo1\"},{\"@type\":\"BreadcrumbList\",\"@id\":\"https:\/\/terminusaquo.eu\/teatr\/w-oknie-tanczy-cma\/#breadcrumb\",\"itemListElement\":[{\"@type\":\"ListItem\",\"position\":1,\"name\":\"Teatr TAQ\",\"item\":\"https:\/\/terminusaquo.eu\/teatr\/\"},{\"@type\":\"ListItem\",\"position\":2,\"name\":\"Spektakle\",\"item\":\"https:\/\/terminusaquo.eu\/teatr\/spektakle\/\"},{\"@type\":\"ListItem\",\"position\":3,\"name\":\"Archiwalne\",\"item\":\"https:\/\/terminusaquo.eu\/teatr\/spektakle\/archiwalne\/\"},{\"@type\":\"ListItem\",\"position\":4,\"name\":\"W oknie ta\u0144czy \u0107ma\"}]},{\"@type\":\"WebSite\",\"@id\":\"https:\/\/terminusaquo.eu\/teatr\/#website\",\"url\":\"https:\/\/terminusaquo.eu\/teatr\/\",\"name\":\"Teatr Terminus A Quo\",\"description\":\"\",\"publisher\":{\"@id\":\"https:\/\/terminusaquo.eu\/teatr\/#organization\"},\"potentialAction\":[{\"@type\":\"SearchAction\",\"target\":{\"@type\":\"EntryPoint\",\"urlTemplate\":\"https:\/\/terminusaquo.eu\/teatr\/?s={search_term_string}\"},\"query-input\":{\"@type\":\"PropertyValueSpecification\",\"valueRequired\":true,\"valueName\":\"search_term_string\"}}],\"inLanguage\":\"de\"},{\"@type\":\"Organization\",\"@id\":\"https:\/\/terminusaquo.eu\/teatr\/#organization\",\"name\":\"Teatr Terminus A Quo\",\"url\":\"https:\/\/terminusaquo.eu\/teatr\/\",\"logo\":{\"@type\":\"ImageObject\",\"inLanguage\":\"de\",\"@id\":\"https:\/\/terminusaquo.eu\/teatr\/#\/schema\/logo\/image\/\",\"url\":\"https:\/\/terminusaquo.eu\/teatr\/wp-content\/uploads\/2013\/08\/cropped-taq-news-logo.png\",\"contentUrl\":\"https:\/\/terminusaquo.eu\/teatr\/wp-content\/uploads\/2013\/08\/cropped-taq-news-logo.png\",\"width\":233,\"height\":238,\"caption\":\"Teatr Terminus A Quo\"},\"image\":{\"@id\":\"https:\/\/terminusaquo.eu\/teatr\/#\/schema\/logo\/image\/\"},\"sameAs\":[\"https:\/\/www.facebook.com\/terminusaquo\"]},{\"@type\":\"Person\",\"@id\":\"https:\/\/terminusaquo.eu\/teatr\/#\/schema\/person\/76dc769bf2139b975dc161c0184732c0\",\"name\":\"Teatr TAQ\",\"image\":{\"@type\":\"ImageObject\",\"inLanguage\":\"de\",\"@id\":\"https:\/\/terminusaquo.eu\/teatr\/#\/schema\/person\/image\/\",\"url\":\"https:\/\/secure.gravatar.com\/avatar\/2ab5fc173a67d7214d768b697dbbe2b6a8e725bfc11a7dd8377e4b5213b79fb4?s=96&d=mm&r=g\",\"contentUrl\":\"https:\/\/secure.gravatar.com\/avatar\/2ab5fc173a67d7214d768b697dbbe2b6a8e725bfc11a7dd8377e4b5213b79fb4?s=96&d=mm&r=g\",\"caption\":\"Teatr TAQ\"}}]}<\/script>\n<!-- \/ Yoast SEO plugin. -->","yoast_head_json":{"title":"W oknie ta\u0144czy \u0107ma - Archiwalne, Spektakle -","robots":{"index":"index","follow":"follow","max-snippet":"max-snippet:-1","max-image-preview":"max-image-preview:large","max-video-preview":"max-video-preview:-1"},"canonical":"https:\/\/terminusaquo.eu\/teatr\/de\/w-oknie-tanczy-cma\/","og_locale":"de_DE","og_type":"article","og_title":"W oknie ta\u0144czy \u0107ma - Archiwalne, Spektakle -","og_description":"O spektaklu\u201eW oknie ta\u0144czy \u0107ma\u201d to spektakl plastyczno &#8211; poetycki w nastroju refleksyjnym, gdy\u017c tre\u015bci\u0105 tego spektaklu s\u0105 refleksje poetyckie kobiety, kt\u00f3ra prze\u017cy\u0142a tragiczn\u0105 \u015bmier\u0107 swego m\u0119\u017ca. Wierszy, zapisk\u00f3w, refleksji nagromadzi\u0142o si\u0119 w pot\u0119\u017cna stert\u0119 s\u0142\u00f3w, kt\u00f3re wyp\u0142ywaj\u0105 na otwart\u0105 przestrze\u0144 i s\u0105 upublicznione. Pojawiaj\u0105 si\u0119 wspomnienia, tajemnicze znaki, my\u015bli kr\u0105\u017c\u0105ce wok\u00f3\u0142 bliskiej osoby, kt\u00f3rej [&hellip;]","og_url":"https:\/\/terminusaquo.eu\/teatr\/de\/w-oknie-tanczy-cma\/","og_site_name":"Teatr Terminus A Quo","article_publisher":"https:\/\/www.facebook.com\/terminusaquo","article_published_time":"2012-05-06T16:48:34+00:00","article_modified_time":"2013-08-30T15:18:28+00:00","og_image":[{"width":260,"height":260,"url":"https:\/\/terminusaquo.eu\/teatr\/wp-content\/uploads\/2013\/08\/taq-news-logo1.png","type":"image\/png"}],"author":"Teatr TAQ","twitter_misc":{"Verfasst von":"Teatr TAQ","Gesch\u00e4tzte Lesezeit":"1\u00a0Minute"},"schema":{"@context":"https:\/\/schema.org","@graph":[{"@type":"Article","@id":"https:\/\/terminusaquo.eu\/teatr\/w-oknie-tanczy-cma\/#article","isPartOf":{"@id":"https:\/\/terminusaquo.eu\/teatr\/w-oknie-tanczy-cma\/"},"author":{"name":"Teatr TAQ","@id":"https:\/\/terminusaquo.eu\/teatr\/#\/schema\/person\/76dc769bf2139b975dc161c0184732c0"},"headline":"W oknie ta\u0144czy \u0107ma","datePublished":"2012-05-06T16:48:34+00:00","dateModified":"2013-08-30T15:18:28+00:00","mainEntityOfPage":{"@id":"https:\/\/terminusaquo.eu\/teatr\/w-oknie-tanczy-cma\/"},"wordCount":271,"commentCount":0,"publisher":{"@id":"https:\/\/terminusaquo.eu\/teatr\/#organization"},"image":{"@id":"https:\/\/terminusaquo.eu\/teatr\/w-oknie-tanczy-cma\/#primaryimage"},"thumbnailUrl":"https:\/\/terminusaquo.eu\/teatr\/wp-content\/uploads\/2013\/08\/taq-news-logo1.png","articleSection":["Archiwalne","Spektakle"],"inLanguage":"de","potentialAction":[{"@type":"CommentAction","name":"Comment","target":["https:\/\/terminusaquo.eu\/teatr\/w-oknie-tanczy-cma\/#respond"]}]},{"@type":"WebPage","@id":"https:\/\/terminusaquo.eu\/teatr\/w-oknie-tanczy-cma\/","url":"https:\/\/terminusaquo.eu\/teatr\/w-oknie-tanczy-cma\/","name":"W oknie ta\u0144czy \u0107ma - Archiwalne, Spektakle -","isPartOf":{"@id":"https:\/\/terminusaquo.eu\/teatr\/#website"},"primaryImageOfPage":{"@id":"https:\/\/terminusaquo.eu\/teatr\/w-oknie-tanczy-cma\/#primaryimage"},"image":{"@id":"https:\/\/terminusaquo.eu\/teatr\/w-oknie-tanczy-cma\/#primaryimage"},"thumbnailUrl":"https:\/\/terminusaquo.eu\/teatr\/wp-content\/uploads\/2013\/08\/taq-news-logo1.png","datePublished":"2012-05-06T16:48:34+00:00","dateModified":"2013-08-30T15:18:28+00:00","breadcrumb":{"@id":"https:\/\/terminusaquo.eu\/teatr\/w-oknie-tanczy-cma\/#breadcrumb"},"inLanguage":"de","potentialAction":[{"@type":"ReadAction","target":["https:\/\/terminusaquo.eu\/teatr\/w-oknie-tanczy-cma\/"]}]},{"@type":"ImageObject","inLanguage":"de","@id":"https:\/\/terminusaquo.eu\/teatr\/w-oknie-tanczy-cma\/#primaryimage","url":"https:\/\/terminusaquo.eu\/teatr\/wp-content\/uploads\/2013\/08\/taq-news-logo1.png","contentUrl":"https:\/\/terminusaquo.eu\/teatr\/wp-content\/uploads\/2013\/08\/taq-news-logo1.png","width":260,"height":260,"caption":"taq news logo1"},{"@type":"BreadcrumbList","@id":"https:\/\/terminusaquo.eu\/teatr\/w-oknie-tanczy-cma\/#breadcrumb","itemListElement":[{"@type":"ListItem","position":1,"name":"Teatr TAQ","item":"https:\/\/terminusaquo.eu\/teatr\/"},{"@type":"ListItem","position":2,"name":"Spektakle","item":"https:\/\/terminusaquo.eu\/teatr\/spektakle\/"},{"@type":"ListItem","position":3,"name":"Archiwalne","item":"https:\/\/terminusaquo.eu\/teatr\/spektakle\/archiwalne\/"},{"@type":"ListItem","position":4,"name":"W oknie ta\u0144czy \u0107ma"}]},{"@type":"WebSite","@id":"https:\/\/terminusaquo.eu\/teatr\/#website","url":"https:\/\/terminusaquo.eu\/teatr\/","name":"Teatr Terminus A Quo","description":"","publisher":{"@id":"https:\/\/terminusaquo.eu\/teatr\/#organization"},"potentialAction":[{"@type":"SearchAction","target":{"@type":"EntryPoint","urlTemplate":"https:\/\/terminusaquo.eu\/teatr\/?s={search_term_string}"},"query-input":{"@type":"PropertyValueSpecification","valueRequired":true,"valueName":"search_term_string"}}],"inLanguage":"de"},{"@type":"Organization","@id":"https:\/\/terminusaquo.eu\/teatr\/#organization","name":"Teatr Terminus A Quo","url":"https:\/\/terminusaquo.eu\/teatr\/","logo":{"@type":"ImageObject","inLanguage":"de","@id":"https:\/\/terminusaquo.eu\/teatr\/#\/schema\/logo\/image\/","url":"https:\/\/terminusaquo.eu\/teatr\/wp-content\/uploads\/2013\/08\/cropped-taq-news-logo.png","contentUrl":"https:\/\/terminusaquo.eu\/teatr\/wp-content\/uploads\/2013\/08\/cropped-taq-news-logo.png","width":233,"height":238,"caption":"Teatr Terminus A Quo"},"image":{"@id":"https:\/\/terminusaquo.eu\/teatr\/#\/schema\/logo\/image\/"},"sameAs":["https:\/\/www.facebook.com\/terminusaquo"]},{"@type":"Person","@id":"https:\/\/terminusaquo.eu\/teatr\/#\/schema\/person\/76dc769bf2139b975dc161c0184732c0","name":"Teatr TAQ","image":{"@type":"ImageObject","inLanguage":"de","@id":"https:\/\/terminusaquo.eu\/teatr\/#\/schema\/person\/image\/","url":"https:\/\/secure.gravatar.com\/avatar\/2ab5fc173a67d7214d768b697dbbe2b6a8e725bfc11a7dd8377e4b5213b79fb4?s=96&d=mm&r=g","contentUrl":"https:\/\/secure.gravatar.com\/avatar\/2ab5fc173a67d7214d768b697dbbe2b6a8e725bfc11a7dd8377e4b5213b79fb4?s=96&d=mm&r=g","caption":"Teatr TAQ"}}]}},"_links":{"self":[{"href":"http:\/\/terminusaquo.eu\/teatr\/de\/wp-json\/wp\/v2\/posts\/3","targetHints":{"allow":["GET"]}}],"collection":[{"href":"http:\/\/terminusaquo.eu\/teatr\/de\/wp-json\/wp\/v2\/posts"}],"about":[{"href":"http:\/\/terminusaquo.eu\/teatr\/de\/wp-json\/wp\/v2\/types\/post"}],"author":[{"embeddable":true,"href":"http:\/\/terminusaquo.eu\/teatr\/de\/wp-json\/wp\/v2\/users\/1"}],"replies":[{"embeddable":true,"href":"http:\/\/terminusaquo.eu\/teatr\/de\/wp-json\/wp\/v2\/comments?post=3"}],"version-history":[{"count":0,"href":"http:\/\/terminusaquo.eu\/teatr\/de\/wp-json\/wp\/v2\/posts\/3\/revisions"}],"wp:featuredmedia":[{"embeddable":true,"href":"http:\/\/terminusaquo.eu\/teatr\/de\/wp-json\/wp\/v2\/media\/205"}],"wp:attachment":[{"href":"http:\/\/terminusaquo.eu\/teatr\/de\/wp-json\/wp\/v2\/media?parent=3"}],"wp:term":[{"taxonomy":"category","embeddable":true,"href":"http:\/\/terminusaquo.eu\/teatr\/de\/wp-json\/wp\/v2\/categories?post=3"},{"taxonomy":"post_tag","embeddable":true,"href":"http:\/\/terminusaquo.eu\/teatr\/de\/wp-json\/wp\/v2\/tags?post=3"}],"curies":[{"name":"wp","href":"https:\/\/api.w.org\/{rel}","templated":true}]}}