{"id":470,"date":"2013-10-30T19:30:38","date_gmt":"2013-10-30T18:30:38","guid":{"rendered":"http:\/\/terminusaquo.eu\/teatr\/?p=470"},"modified":"2013-10-31T13:43:12","modified_gmt":"2013-10-31T12:43:12","slug":"antygona","status":"publish","type":"post","link":"http:\/\/terminusaquo.eu\/teatr\/de\/antygona\/","title":{"rendered":"Antygona"},"content":{"rendered":"<h4 class=\"spektakle\">O spektaklu<\/h4>\n<p>Antygona \u2013 tragedia Sofoklesa nazywana jest tragedi\u0105 w\u0142adzy i klasyfikowana jako chronologicznie ostatnia z cyklu trzech tragedii teba\u0144skich (Kr\u00f3l Edyp, Edyp w Kolonie, Antygona) opartych na mitach o teba\u0144skim rodzie Labdakid\u00f3w.<\/p>\n<p>Po \u015bmierci Edypa Polinik i Eteokles podzielili si\u0119 w\u0142adz\u0105. Jednak wbrew umowie Eteokles po roku rz\u0105d\u00f3w nie przekaza\u0142 tronu bratu. Polinejkes sprowadzi\u0142 obce wojska, aby odzyska\u0107 tron. Mi\u0119dzy bra\u0107mi rozpocz\u0119\u0142a si\u0119 walka o w\u0142adz\u0119, w kt\u00f3rej obaj zgin\u0119li. W\u0142adc\u0105 zosta\u0142 ich wuj Kreon. Kreon uzna\u0142 Polinejkesa za zdrajc\u0119 i wyda\u0142 zakaz grzebania jego zw\u0142ok. Eteoklesowi za\u015b zosta\u0142 wyprawiony uroczysty pogrzeb. Siostra Eteoklesa i Polinejkesa, Antygona, przeciwstawi\u0142a si\u0119 rozkazowi Kreona i pochowa\u0142a zw\u0142oki Polinejkesa. Spowodowa\u0142o to ci\u0105g tragicznych wydarze\u0144.<\/p>\n<h4 class=\"spektakle\">Galeria<\/h4>\n<p>Wkr\u00f3tce.<\/p>\n<h4 class=\"spektakle\">Nagrody:<\/h4>\n<p>Nagroda dla Edwarda Gramonta za scenografi\u0119<br \/>\nII OG\u00d3LNOPOLSKI FESTIWAL TEATR\u00d3W NIEZAWODOWYCH \u2013 Ostr\u00f3w Wielkopolski 2001<\/p>\n<h4 class=\"spektakle\">Geneza<\/h4>\n<p>100 premiera Teatru TAQ, mia\u0142a miejsce 29 maja 1999roku w Sali im.Ryszarda Cie\u015blaka w Nowosolskim Domu Kultury \u201ePanopticum\u201d w Nowej Soli podczas DNI NOWEJ SOLI.<\/p>\n<p>Scenariusz napisa\u0142 Edward Gramont wykorzystuj\u0105c koncepcj\u0119 Wies\u0142awa Majosa do zrealizowania roli Koryfeusza. <\/p>\n<h4 class=\"spektakle\">Aktorzy<\/h4>\n<p><strong>Obecny sk\u0142ad zespo\u0142u<\/strong><br \/>\nMagdalena Budzyniak (Aleksandra Samborska) &#8211; Antygona<br \/>\nAdriana Bo\u015b &#8211; Ismena<br \/>\nKonrad Gramont &#8211; Koryfeusz<br \/>\nEliasz Gramont &#8211; Stra\u017cnik, Hajmon<br \/>\nCezary Molenda &#8211; Pos\u0142aniec,Terezjasz<br \/>\nEdward Gramont &#8211; Kreon <\/p>\n<p><strong>Pierwszy sk\u0142ad zespo\u0142u<\/strong><br \/>\nJoanna Pa\u0142ka &#8211; Antygona<br \/>\nAgnieszka Szczepanik &#8211; Ismena<br \/>\nWies\u0142aw Majos &#8211; Koryfeusz<br \/>\nJakub Osypi\u0144ski \u2013 Stra\u017cnik<br \/>\nPawe\u0142 Kutny &#8211; Hajmon<br \/>\nAgata Wojtkowiak \u2013 Pos\u0142aniec<br \/>\nEdward Gramont &#8211; Terezjasz<br \/>\nDominik Z\u0142otkowski &#8211; Kreon<\/p>\n<h4 class=\"spektakle\">Kronika<\/h4>\n<p>Ilo\u015b\u0107 wystawie\u0144 sztuki: 103<\/p>\n<p><strong>Wa\u017cniejsze wystawienia sztuki: <\/strong><\/p>\n<li>9 lipca 1999 \u2013 Stru\u017cyny k\/Mi\u0119dzyrzecza. FESTIWAL O\u015aRODKA KULTURY CZYNNEJ<\/li>\n<li>26 sierpnia 1999 \u2013 Szyd\u0142owiec. II PREZENTACJE DZIA\u0141A\u0143 ALTERNATYWNYCH<\/li>\n<li>28 wrze\u015bnia 2000 \u2013 Busko Zdr\u00f3j \u2013 Dom Kultury<\/li>\n<li>8 listopada 2000 \u2013 Ostrowiec \u015awi\u0119tokrzyski \u2013 Miejskie Centrum Kultury<\/li>\n<li>22 listopada 2000 \u2013 Nowe Miasteczko. Dom Kultury<\/li>\n<li>22 listopada 2000 \u2013 Bytom Odrza\u0144ski. Dom Kultury<\/li>\n<li>23 i 28 listopada 2000 \u2013 G\u0142og\u00f3w. Pa\u0144stwowa Szko\u0142a Muzyczna<\/li>\n<li>30 listopada 2000 \u2013 Kielce. Wojew\u00f3dzki Dom Kultury<\/li>\n<li>1 grudnia 2000 \u2013 \u015awiebodzin. \u015awiebodzi\u0144ski Dom Kultury<\/li>\n<li>19 grudnia 2000 \u2013 Gryb\u00f3w. Miejski Dom Kultury<\/li>\n<li>20 grudnia 2000 \u2013 Jas\u0142o. Jasielski Dom Kultury<\/li>\n<li>21 grudnia 2000 \u2013 Gorlice. Gorlickie Centrum Kultury<\/li>\n<li>6 stycznia 2001 \u2013 Nowa S\u00f3l. 25 lecie Teatru \u201eTERMINUS A QUO\u201d<\/li>\n<li>18 maja 2001 \u2013 Ostr\u00f3w Wielkopolski. II OG\u00d3LNOPOLSKI FESTIWAL TEATR\u00d3W<\/li>\n<li>NIEZAWODOWYCH.<\/li>\n<li>27 lipca 2001 \u2013 My\u015blib\u00f3rz. Rynek. MI\u0118DZYNARODOWY FESTIWAL MA\u0141YCH FORM<\/li>\n<li>TEATRALNYCH<\/li>\n<li>12 stycznia 2002 \u2013 Nowa S\u00f3l. Teatr TERMINUS A QUO. 26 Urodziny Teatru TAQ<\/li>\n<li>3 grudnia 2002 \u2013 My\u015blib\u00f3rz. My\u015bliborski O\u015brodek Kultury<\/li>\n<li>13 kwietnia 2003 \u2013 Kielce. III PRZEGL\u0104D TEATR\u00d3W ALTERNATYWNYCH<\/li>\n<li>26 maja 2003 \u2013 Zielona G\u00f3ra. Teatr Lubuski im. L. Kruczkowskiego<\/li>\n<li>20 pa\u017adziernika 2003 \u2013 Kielce. Kieleckie Centrum Kultury<\/li>\n<li>21 pa\u017adziernika 2003 &#8211; Busko Zdr\u00f3j. Centrum Kultury<\/li>\n<li>11-12 pa\u017adziernika 2004 &#8211; Starachowice. Sp\u00f3\u0142dzielczy Dom Kultury<\/li>\n<li>4 listopada 2004 &#8211; \u015awidnica. \u015awidnicki O\u015brodek Kultury<\/li>\n<li>18 grudnia 2004 &#8211; Nowa S\u00f3l. Sala im. Ryszarda Cie\u015blaka. Teatr TERMINUS A QUO. Grudniowy Weekend Teatralny<\/li>\n<li>5 listopada 2005 &#8211; Lipsko. Lipskie Centrum Kultury<\/li>\n<li>8 marca 2006 &#8211; Kielce. Zesp\u00f3\u0142 Pa\u0144stwowych Szk\u00f3\u0142 Plastycznych. DNI KULTURY ANTYCZNEJ. Realizacja spektaklu z Teatrem &#34;Ecce Homo&#34; za wyj\u0105tkiem roli Kreona<\/li>\n<li>31 marca 2006 &#8211; \u015awidnicak\/Zielonej G\u00f3ry. Dni Teatru<\/li>\n<li>1 kwietnia 2006 &#8211; Nowa S\u00f3l. Sala im. Ryszarda Cie\u015blaka. Kwietniowy Weekend Teatralny<\/li>\n<li>15 wrze\u015bnia 2006 &#8211; Nowa S\u00f3l. Sala im. Ryszarda Cie\u015blaka. XXX LAT TEATRU TAQ &#8211; Wiecz\u00f3r pierwszy<\/li>\n<li>29 pa\u017adziernika 2007 &#8211; I\u0142awa. I\u0142awskie Centrum Kultury<\/li>\n<li>24 pa\u017adziernika 2008 &#8211; Jawor. Teatr Miejski. Jaworski O\u015brodek Kultury<\/li>\n<li>18 listopada 2008 \u2013 Szprotawa. Szprotawski Dom Kultury<\/li>\n<li>15 grudnia 2008 &#8211; G\u0142og\u00f3w. Miejski O\u015brodek Kultury<\/li>\n<li>25 pa\u017adziernika 2010 \u2013 Zielona G\u00f3ra. Kino \u201eNEWA\u201d (100 przedstawienie sztuki)<\/li>","protected":false},"excerpt":{"rendered":"<p>O spektaklu Antygona \u2013 tragedia Sofoklesa nazywana jest tragedi\u0105 w\u0142adzy i klasyfikowana jako chronologicznie ostatnia z cyklu trzech tragedii teba\u0144skich (Kr\u00f3l Edyp, Edyp w Kolonie, Antygona) opartych na mitach o teba\u0144skim rodzie Labdakid\u00f3w. Po \u015bmierci Edypa Polinik i Eteokles podzielili si\u0119 w\u0142adz\u0105. Jednak wbrew umowie Eteokles po roku rz\u0105d\u00f3w nie przekaza\u0142 tronu bratu. Polinejkes sprowadzi\u0142 [&hellip;]<\/p>","protected":false},"author":1,"featured_media":471,"comment_status":"closed","ping_status":"closed","sticky":false,"template":"","format":"standard","meta":{"ngg_post_thumbnail":0,"footnotes":""},"categories":[8,4],"tags":[],"class_list":["post-470","post","type-post","status-publish","format-standard","has-post-thumbnail","hentry","category-sceniczne","category-spektakle"],"blocksy_meta":[],"yoast_head":"<!-- This site is optimized with the Yoast SEO plugin v24.5 - https:\/\/yoast.com\/wordpress\/plugins\/seo\/ -->\n<title>Antygona - Sceniczne, Spektakle -<\/title>\n<meta name=\"description\" content=\"&quot;Antygona&quot; \u2013 tragedia Sofoklesa zaadoptowana przez teatr TAQ jest realizacj\u0105 nietypow\u0105 , gdzie bohaterem pierwszoplanowym jest Kreon.\" \/>\n<meta name=\"robots\" content=\"index, follow, max-snippet:-1, max-image-preview:large, max-video-preview:-1\" \/>\n<link rel=\"canonical\" href=\"https:\/\/terminusaquo.eu\/teatr\/de\/antygona\/\" \/>\n<meta property=\"og:locale\" content=\"de_DE\" \/>\n<meta property=\"og:type\" content=\"article\" \/>\n<meta property=\"og:title\" content=\"Antygona - Sceniczne, Spektakle -\" \/>\n<meta property=\"og:description\" content=\"&quot;Antygona&quot; \u2013 tragedia Sofoklesa zaadoptowana przez teatr TAQ jest realizacj\u0105 nietypow\u0105 , gdzie bohaterem pierwszoplanowym jest Kreon.\" \/>\n<meta property=\"og:url\" content=\"https:\/\/terminusaquo.eu\/teatr\/de\/antygona\/\" \/>\n<meta property=\"og:site_name\" content=\"Teatr Terminus A Quo\" \/>\n<meta property=\"article:publisher\" content=\"https:\/\/www.facebook.com\/terminusaquo\" \/>\n<meta property=\"article:published_time\" content=\"2013-10-30T18:30:38+00:00\" \/>\n<meta property=\"article:modified_time\" content=\"2013-10-31T12:43:12+00:00\" \/>\n<meta property=\"og:image\" content=\"https:\/\/terminusaquo.eu\/teatr\/wp-content\/uploads\/2013\/10\/antygona.jpg\" \/>\n\t<meta property=\"og:image:width\" content=\"766\" \/>\n\t<meta property=\"og:image:height\" content=\"400\" \/>\n\t<meta property=\"og:image:type\" content=\"image\/jpeg\" \/>\n<meta name=\"author\" content=\"Teatr TAQ\" \/>\n<meta name=\"twitter:label1\" content=\"Verfasst von\" \/>\n\t<meta name=\"twitter:data1\" content=\"Teatr TAQ\" \/>\n\t<meta name=\"twitter:label2\" content=\"Gesch\u00e4tzte Lesezeit\" \/>\n\t<meta name=\"twitter:data2\" content=\"3\u00a0Minuten\" \/>\n<script type=\"application\/ld+json\" class=\"yoast-schema-graph\">{\"@context\":\"https:\/\/schema.org\",\"@graph\":[{\"@type\":\"Article\",\"@id\":\"https:\/\/terminusaquo.eu\/teatr\/antygona\/#article\",\"isPartOf\":{\"@id\":\"https:\/\/terminusaquo.eu\/teatr\/antygona\/\"},\"author\":{\"name\":\"Teatr TAQ\",\"@id\":\"https:\/\/terminusaquo.eu\/teatr\/#\/schema\/person\/76dc769bf2139b975dc161c0184732c0\"},\"headline\":\"Antygona\",\"datePublished\":\"2013-10-30T18:30:38+00:00\",\"dateModified\":\"2013-10-31T12:43:12+00:00\",\"mainEntityOfPage\":{\"@id\":\"https:\/\/terminusaquo.eu\/teatr\/antygona\/\"},\"wordCount\":587,\"publisher\":{\"@id\":\"https:\/\/terminusaquo.eu\/teatr\/#organization\"},\"image\":{\"@id\":\"https:\/\/terminusaquo.eu\/teatr\/antygona\/#primaryimage\"},\"thumbnailUrl\":\"https:\/\/terminusaquo.eu\/teatr\/wp-content\/uploads\/2013\/10\/antygona.jpg\",\"articleSection\":[\"Sceniczne\",\"Spektakle\"],\"inLanguage\":\"de\"},{\"@type\":\"WebPage\",\"@id\":\"https:\/\/terminusaquo.eu\/teatr\/antygona\/\",\"url\":\"https:\/\/terminusaquo.eu\/teatr\/antygona\/\",\"name\":\"Antygona - Sceniczne, Spektakle -\",\"isPartOf\":{\"@id\":\"https:\/\/terminusaquo.eu\/teatr\/#website\"},\"primaryImageOfPage\":{\"@id\":\"https:\/\/terminusaquo.eu\/teatr\/antygona\/#primaryimage\"},\"image\":{\"@id\":\"https:\/\/terminusaquo.eu\/teatr\/antygona\/#primaryimage\"},\"thumbnailUrl\":\"https:\/\/terminusaquo.eu\/teatr\/wp-content\/uploads\/2013\/10\/antygona.jpg\",\"datePublished\":\"2013-10-30T18:30:38+00:00\",\"dateModified\":\"2013-10-31T12:43:12+00:00\",\"description\":\"\\\"Antygona\\\" \u2013 tragedia Sofoklesa zaadoptowana przez teatr TAQ jest realizacj\u0105 nietypow\u0105 , gdzie bohaterem pierwszoplanowym jest Kreon.\",\"breadcrumb\":{\"@id\":\"https:\/\/terminusaquo.eu\/teatr\/antygona\/#breadcrumb\"},\"inLanguage\":\"de\",\"potentialAction\":[{\"@type\":\"ReadAction\",\"target\":[\"https:\/\/terminusaquo.eu\/teatr\/antygona\/\"]}]},{\"@type\":\"ImageObject\",\"inLanguage\":\"de\",\"@id\":\"https:\/\/terminusaquo.eu\/teatr\/antygona\/#primaryimage\",\"url\":\"https:\/\/terminusaquo.eu\/teatr\/wp-content\/uploads\/2013\/10\/antygona.jpg\",\"contentUrl\":\"https:\/\/terminusaquo.eu\/teatr\/wp-content\/uploads\/2013\/10\/antygona.jpg\",\"width\":766,\"height\":400,\"caption\":\"antygona\"},{\"@type\":\"BreadcrumbList\",\"@id\":\"https:\/\/terminusaquo.eu\/teatr\/antygona\/#breadcrumb\",\"itemListElement\":[{\"@type\":\"ListItem\",\"position\":1,\"name\":\"Teatr TAQ\",\"item\":\"https:\/\/terminusaquo.eu\/teatr\/\"},{\"@type\":\"ListItem\",\"position\":2,\"name\":\"Spektakle\",\"item\":\"https:\/\/terminusaquo.eu\/teatr\/spektakle\/\"},{\"@type\":\"ListItem\",\"position\":3,\"name\":\"Sceniczne\",\"item\":\"https:\/\/terminusaquo.eu\/teatr\/spektakle\/sceniczne\/\"},{\"@type\":\"ListItem\",\"position\":4,\"name\":\"Antygona\"}]},{\"@type\":\"WebSite\",\"@id\":\"https:\/\/terminusaquo.eu\/teatr\/#website\",\"url\":\"https:\/\/terminusaquo.eu\/teatr\/\",\"name\":\"Teatr Terminus A Quo\",\"description\":\"\",\"publisher\":{\"@id\":\"https:\/\/terminusaquo.eu\/teatr\/#organization\"},\"potentialAction\":[{\"@type\":\"SearchAction\",\"target\":{\"@type\":\"EntryPoint\",\"urlTemplate\":\"https:\/\/terminusaquo.eu\/teatr\/?s={search_term_string}\"},\"query-input\":{\"@type\":\"PropertyValueSpecification\",\"valueRequired\":true,\"valueName\":\"search_term_string\"}}],\"inLanguage\":\"de\"},{\"@type\":\"Organization\",\"@id\":\"https:\/\/terminusaquo.eu\/teatr\/#organization\",\"name\":\"Teatr Terminus A Quo\",\"url\":\"https:\/\/terminusaquo.eu\/teatr\/\",\"logo\":{\"@type\":\"ImageObject\",\"inLanguage\":\"de\",\"@id\":\"https:\/\/terminusaquo.eu\/teatr\/#\/schema\/logo\/image\/\",\"url\":\"https:\/\/terminusaquo.eu\/teatr\/wp-content\/uploads\/2013\/08\/cropped-taq-news-logo.png\",\"contentUrl\":\"https:\/\/terminusaquo.eu\/teatr\/wp-content\/uploads\/2013\/08\/cropped-taq-news-logo.png\",\"width\":233,\"height\":238,\"caption\":\"Teatr Terminus A Quo\"},\"image\":{\"@id\":\"https:\/\/terminusaquo.eu\/teatr\/#\/schema\/logo\/image\/\"},\"sameAs\":[\"https:\/\/www.facebook.com\/terminusaquo\"]},{\"@type\":\"Person\",\"@id\":\"https:\/\/terminusaquo.eu\/teatr\/#\/schema\/person\/76dc769bf2139b975dc161c0184732c0\",\"name\":\"Teatr TAQ\",\"image\":{\"@type\":\"ImageObject\",\"inLanguage\":\"de\",\"@id\":\"https:\/\/terminusaquo.eu\/teatr\/#\/schema\/person\/image\/\",\"url\":\"https:\/\/secure.gravatar.com\/avatar\/2ab5fc173a67d7214d768b697dbbe2b6a8e725bfc11a7dd8377e4b5213b79fb4?s=96&d=mm&r=g\",\"contentUrl\":\"https:\/\/secure.gravatar.com\/avatar\/2ab5fc173a67d7214d768b697dbbe2b6a8e725bfc11a7dd8377e4b5213b79fb4?s=96&d=mm&r=g\",\"caption\":\"Teatr TAQ\"}}]}<\/script>\n<!-- \/ Yoast SEO plugin. -->","yoast_head_json":{"title":"Antygona - Sceniczne, Spektakle -","description":"\"Antygona\" \u2013 tragedia Sofoklesa zaadoptowana przez teatr TAQ jest realizacj\u0105 nietypow\u0105 , gdzie bohaterem pierwszoplanowym jest Kreon.","robots":{"index":"index","follow":"follow","max-snippet":"max-snippet:-1","max-image-preview":"max-image-preview:large","max-video-preview":"max-video-preview:-1"},"canonical":"https:\/\/terminusaquo.eu\/teatr\/de\/antygona\/","og_locale":"de_DE","og_type":"article","og_title":"Antygona - Sceniczne, Spektakle -","og_description":"\"Antygona\" \u2013 tragedia Sofoklesa zaadoptowana przez teatr TAQ jest realizacj\u0105 nietypow\u0105 , gdzie bohaterem pierwszoplanowym jest Kreon.","og_url":"https:\/\/terminusaquo.eu\/teatr\/de\/antygona\/","og_site_name":"Teatr Terminus A Quo","article_publisher":"https:\/\/www.facebook.com\/terminusaquo","article_published_time":"2013-10-30T18:30:38+00:00","article_modified_time":"2013-10-31T12:43:12+00:00","og_image":[{"width":766,"height":400,"url":"https:\/\/terminusaquo.eu\/teatr\/wp-content\/uploads\/2013\/10\/antygona.jpg","type":"image\/jpeg"}],"author":"Teatr TAQ","twitter_misc":{"Verfasst von":"Teatr TAQ","Gesch\u00e4tzte Lesezeit":"3\u00a0Minuten"},"schema":{"@context":"https:\/\/schema.org","@graph":[{"@type":"Article","@id":"https:\/\/terminusaquo.eu\/teatr\/antygona\/#article","isPartOf":{"@id":"https:\/\/terminusaquo.eu\/teatr\/antygona\/"},"author":{"name":"Teatr TAQ","@id":"https:\/\/terminusaquo.eu\/teatr\/#\/schema\/person\/76dc769bf2139b975dc161c0184732c0"},"headline":"Antygona","datePublished":"2013-10-30T18:30:38+00:00","dateModified":"2013-10-31T12:43:12+00:00","mainEntityOfPage":{"@id":"https:\/\/terminusaquo.eu\/teatr\/antygona\/"},"wordCount":587,"publisher":{"@id":"https:\/\/terminusaquo.eu\/teatr\/#organization"},"image":{"@id":"https:\/\/terminusaquo.eu\/teatr\/antygona\/#primaryimage"},"thumbnailUrl":"https:\/\/terminusaquo.eu\/teatr\/wp-content\/uploads\/2013\/10\/antygona.jpg","articleSection":["Sceniczne","Spektakle"],"inLanguage":"de"},{"@type":"WebPage","@id":"https:\/\/terminusaquo.eu\/teatr\/antygona\/","url":"https:\/\/terminusaquo.eu\/teatr\/antygona\/","name":"Antygona - Sceniczne, Spektakle -","isPartOf":{"@id":"https:\/\/terminusaquo.eu\/teatr\/#website"},"primaryImageOfPage":{"@id":"https:\/\/terminusaquo.eu\/teatr\/antygona\/#primaryimage"},"image":{"@id":"https:\/\/terminusaquo.eu\/teatr\/antygona\/#primaryimage"},"thumbnailUrl":"https:\/\/terminusaquo.eu\/teatr\/wp-content\/uploads\/2013\/10\/antygona.jpg","datePublished":"2013-10-30T18:30:38+00:00","dateModified":"2013-10-31T12:43:12+00:00","description":"\"Antygona\" \u2013 tragedia Sofoklesa zaadoptowana przez teatr TAQ jest realizacj\u0105 nietypow\u0105 , gdzie bohaterem pierwszoplanowym jest Kreon.","breadcrumb":{"@id":"https:\/\/terminusaquo.eu\/teatr\/antygona\/#breadcrumb"},"inLanguage":"de","potentialAction":[{"@type":"ReadAction","target":["https:\/\/terminusaquo.eu\/teatr\/antygona\/"]}]},{"@type":"ImageObject","inLanguage":"de","@id":"https:\/\/terminusaquo.eu\/teatr\/antygona\/#primaryimage","url":"https:\/\/terminusaquo.eu\/teatr\/wp-content\/uploads\/2013\/10\/antygona.jpg","contentUrl":"https:\/\/terminusaquo.eu\/teatr\/wp-content\/uploads\/2013\/10\/antygona.jpg","width":766,"height":400,"caption":"antygona"},{"@type":"BreadcrumbList","@id":"https:\/\/terminusaquo.eu\/teatr\/antygona\/#breadcrumb","itemListElement":[{"@type":"ListItem","position":1,"name":"Teatr TAQ","item":"https:\/\/terminusaquo.eu\/teatr\/"},{"@type":"ListItem","position":2,"name":"Spektakle","item":"https:\/\/terminusaquo.eu\/teatr\/spektakle\/"},{"@type":"ListItem","position":3,"name":"Sceniczne","item":"https:\/\/terminusaquo.eu\/teatr\/spektakle\/sceniczne\/"},{"@type":"ListItem","position":4,"name":"Antygona"}]},{"@type":"WebSite","@id":"https:\/\/terminusaquo.eu\/teatr\/#website","url":"https:\/\/terminusaquo.eu\/teatr\/","name":"Teatr Terminus A Quo","description":"","publisher":{"@id":"https:\/\/terminusaquo.eu\/teatr\/#organization"},"potentialAction":[{"@type":"SearchAction","target":{"@type":"EntryPoint","urlTemplate":"https:\/\/terminusaquo.eu\/teatr\/?s={search_term_string}"},"query-input":{"@type":"PropertyValueSpecification","valueRequired":true,"valueName":"search_term_string"}}],"inLanguage":"de"},{"@type":"Organization","@id":"https:\/\/terminusaquo.eu\/teatr\/#organization","name":"Teatr Terminus A Quo","url":"https:\/\/terminusaquo.eu\/teatr\/","logo":{"@type":"ImageObject","inLanguage":"de","@id":"https:\/\/terminusaquo.eu\/teatr\/#\/schema\/logo\/image\/","url":"https:\/\/terminusaquo.eu\/teatr\/wp-content\/uploads\/2013\/08\/cropped-taq-news-logo.png","contentUrl":"https:\/\/terminusaquo.eu\/teatr\/wp-content\/uploads\/2013\/08\/cropped-taq-news-logo.png","width":233,"height":238,"caption":"Teatr Terminus A Quo"},"image":{"@id":"https:\/\/terminusaquo.eu\/teatr\/#\/schema\/logo\/image\/"},"sameAs":["https:\/\/www.facebook.com\/terminusaquo"]},{"@type":"Person","@id":"https:\/\/terminusaquo.eu\/teatr\/#\/schema\/person\/76dc769bf2139b975dc161c0184732c0","name":"Teatr TAQ","image":{"@type":"ImageObject","inLanguage":"de","@id":"https:\/\/terminusaquo.eu\/teatr\/#\/schema\/person\/image\/","url":"https:\/\/secure.gravatar.com\/avatar\/2ab5fc173a67d7214d768b697dbbe2b6a8e725bfc11a7dd8377e4b5213b79fb4?s=96&d=mm&r=g","contentUrl":"https:\/\/secure.gravatar.com\/avatar\/2ab5fc173a67d7214d768b697dbbe2b6a8e725bfc11a7dd8377e4b5213b79fb4?s=96&d=mm&r=g","caption":"Teatr TAQ"}}]}},"_links":{"self":[{"href":"http:\/\/terminusaquo.eu\/teatr\/de\/wp-json\/wp\/v2\/posts\/470","targetHints":{"allow":["GET"]}}],"collection":[{"href":"http:\/\/terminusaquo.eu\/teatr\/de\/wp-json\/wp\/v2\/posts"}],"about":[{"href":"http:\/\/terminusaquo.eu\/teatr\/de\/wp-json\/wp\/v2\/types\/post"}],"author":[{"embeddable":true,"href":"http:\/\/terminusaquo.eu\/teatr\/de\/wp-json\/wp\/v2\/users\/1"}],"replies":[{"embeddable":true,"href":"http:\/\/terminusaquo.eu\/teatr\/de\/wp-json\/wp\/v2\/comments?post=470"}],"version-history":[{"count":0,"href":"http:\/\/terminusaquo.eu\/teatr\/de\/wp-json\/wp\/v2\/posts\/470\/revisions"}],"wp:featuredmedia":[{"embeddable":true,"href":"http:\/\/terminusaquo.eu\/teatr\/de\/wp-json\/wp\/v2\/media\/471"}],"wp:attachment":[{"href":"http:\/\/terminusaquo.eu\/teatr\/de\/wp-json\/wp\/v2\/media?parent=470"}],"wp:term":[{"taxonomy":"category","embeddable":true,"href":"http:\/\/terminusaquo.eu\/teatr\/de\/wp-json\/wp\/v2\/categories?post=470"},{"taxonomy":"post_tag","embeddable":true,"href":"http:\/\/terminusaquo.eu\/teatr\/de\/wp-json\/wp\/v2\/tags?post=470"}],"curies":[{"name":"wp","href":"https:\/\/api.w.org\/{rel}","templated":true}]}}