{"id":553,"date":"2013-11-01T23:00:49","date_gmt":"2013-11-01T22:00:49","guid":{"rendered":"http:\/\/terminusaquo.eu\/teatr\/?p=553"},"modified":"2023-03-30T21:41:45","modified_gmt":"2023-03-30T19:41:45","slug":"dziewczynka-z-zyletkami","status":"publish","type":"post","link":"http:\/\/terminusaquo.eu\/teatr\/de\/dziewczynka-z-zyletkami\/","title":{"rendered":"Dziewczynka z \u017cyletkami"},"content":{"rendered":"<h4 class=\"spektakle\">O spektaklu<\/h4>\n<p>\u201eDziewczynka z \u017cyletkami\u201d to szokuj\u0105cy spektakl o nietolerancji. O odrzuceniu. Spektakl wzorowany na ba\u015bni Hansa Christiana Andersena \u201eBrzydkie kacz\u0105tko\u201d ale bez happy endu. Aktorka w szczery i  przekonywaj\u0105cy spos\u00f3b m\u00f3wi o swoich pogl\u0105dach, kt\u00f3re delikatnie m\u00f3wi\u0105c mo\u017cna nazwa\u0107 kontrowersyjnymi, a wi\u0119c obala mit religijny i potrzeb\u0119 wiary w Boga. Ma\u0142o tego daje recept\u0119 jak przeciwstawi\u0107 si\u0119 owczemu p\u0119dowi wiernych i dominacji ko\u015bcio\u0142a w \u017cyciu spo\u0142ecznym. Zdaje sobie przy tym jasno spraw\u0119, \u017ce w swych pogl\u0105dach, w swej walce jest samotna i b\u0119dzie odtr\u0105cona co dzieje si\u0119 w chwil\u0119 po wyg\u0142oszeniu swojego credo, kiedy na scen\u0119 wkraczaj\u0105 narratorki bawi\u0105ce si\u0119 opowie\u015bci\u0105 du\u0144skiego pisarza o brzydkim kacz\u0105tku.<\/p>\n<p>Podczas opowiadania przez narratorki, Aktorka zostaje w brutalny spos\u00f3b upokorzony w sensie fizycznym, poprzez jej roznegli\u017cowanie, utut\u0142anie jej nagiego cia\u0142a glin\u0105 i pierzem. Dopiero wtedy kiedy osi\u0105ga najwy\u017csze upokorzenie w spos\u00f3b jednoznaczny i nieprzebieraj\u0105cy w wyra\u017ceniach wyg\u0142asza sw\u00f3j protest. Doskona\u0142\u0105 kreacj\u0119 Brzydkiego kacz\u0105tka stworzy\u0142a Magdalena Budzyniak. <\/p>\n<h4 class=\"spektakle\">Galeria<\/h4>\n<p>Wkr\u00f3tce.<\/p>\n<h4 class=\"spektakle\">Geneza<\/h4>\n<p>219 Premiera Teatru TAQ, mia\u0142a miejsce 14 marca 2013roku w Restauracji wegetaria\u0144skiej \u201eZielona Jad\u0142odajnia\u201d w Zielonej G\u00f3rze przy ul. Kupieckiej.<\/p>\n<p>Generalnie jest to spektakl autorski Edwarda Gramonta, kt\u00f3ry w warstwie literackiej oparty jest na dw\u00f3ch poematach Edwarda Gramonta \u201eDziewczynka z \u017cyletkami\u201d &#8211; jeden napisany w roku2001 i drugi napisany w roku2013 oraz fragmencie ba\u015bni Hansa Christiana Andersena \u201eBrzydkie kacz\u0105tko\u201d.<\/p>\n<p>Scenariusz spektaklu to kompilacja tekst\u00f3w, kt\u00f3re skomponowa\u0142 w ca\u0142o\u015b\u0107 Edward Gramont. Konstrukcja spektaklu, scenografia i re\u017cyseria: Edward Gramont<\/p>\n<h4 class=\"spektakle\">Aktorzy<\/h4>\n<p><strong>Obecny sk\u0142ad zespo\u0142u<\/strong><br \/>\nMagdalena Budzyniak \u2013 \u201eBrzydkie kacz\u0105tko\u201d<br \/>\nKatarzyna Peca, Marlena Ignaczuk, Natalia Baik, Kinga Nowak, Agata Remfeld \u2013 narratorki <\/p>\n<h4 class=\"spektakle\">Kronika<\/h4>\n<p>Ilo\u015b\u0107 wystawie\u0144 sztuki: 2<\/p>\n<p><strong>Wa\u017cniejsze wystawienia sztuki: <\/strong><\/p>\n<li>14 marca 2013 \u2013 Zielona G\u00f3ra. Restauracja wegetaria\u0144ska \u201eZielona Jad\u0142odajnia\u201d<\/li>\n<li>16 marca 2013 \u2013 Nowa S\u00f3l. Teatr TERMINUS A QUO. POWITANIE ARTYSTYCZNE WIOSNY \u2013 PAW 2013<\/li>","protected":false},"excerpt":{"rendered":"<p>O spektaklu \u201eDziewczynka z \u017cyletkami\u201d to szokuj\u0105cy spektakl o nietolerancji. O odrzuceniu. Spektakl wzorowany na ba\u015bni Hansa Christiana Andersena \u201eBrzydkie kacz\u0105tko\u201d ale bez happy endu. Aktorka w szczery i przekonywaj\u0105cy spos\u00f3b m\u00f3wi o swoich pogl\u0105dach, kt\u00f3re delikatnie m\u00f3wi\u0105c mo\u017cna nazwa\u0107 kontrowersyjnymi, a wi\u0119c obala mit religijny i potrzeb\u0119 wiary w Boga. Ma\u0142o tego daje recept\u0119 [&hellip;]<\/p>","protected":false},"author":1,"featured_media":554,"comment_status":"closed","ping_status":"closed","sticky":false,"template":"","format":"standard","meta":{"ngg_post_thumbnail":0,"footnotes":""},"categories":[7,8,4],"tags":[],"class_list":["post-553","post","type-post","status-publish","format-standard","has-post-thumbnail","hentry","category-archiwalne","category-sceniczne","category-spektakle"],"blocksy_meta":[],"yoast_head":"<!-- This site is optimized with the Yoast SEO plugin v24.5 - https:\/\/yoast.com\/wordpress\/plugins\/seo\/ -->\n<title>Dziewczynka z \u017cyletkami - Archiwalne, Sceniczne, Spektakle -<\/title>\n<meta name=\"robots\" content=\"index, follow, max-snippet:-1, max-image-preview:large, max-video-preview:-1\" \/>\n<link rel=\"canonical\" href=\"https:\/\/terminusaquo.eu\/teatr\/de\/dziewczynka-z-zyletkami\/\" \/>\n<meta property=\"og:locale\" content=\"de_DE\" \/>\n<meta property=\"og:type\" content=\"article\" \/>\n<meta property=\"og:title\" content=\"Dziewczynka z \u017cyletkami - Archiwalne, Sceniczne, Spektakle -\" \/>\n<meta property=\"og:description\" content=\"O spektaklu \u201eDziewczynka z \u017cyletkami\u201d to szokuj\u0105cy spektakl o nietolerancji. O odrzuceniu. Spektakl wzorowany na ba\u015bni Hansa Christiana Andersena \u201eBrzydkie kacz\u0105tko\u201d ale bez happy endu. Aktorka w szczery i przekonywaj\u0105cy spos\u00f3b m\u00f3wi o swoich pogl\u0105dach, kt\u00f3re delikatnie m\u00f3wi\u0105c mo\u017cna nazwa\u0107 kontrowersyjnymi, a wi\u0119c obala mit religijny i potrzeb\u0119 wiary w Boga. Ma\u0142o tego daje recept\u0119 [&hellip;]\" \/>\n<meta property=\"og:url\" content=\"https:\/\/terminusaquo.eu\/teatr\/de\/dziewczynka-z-zyletkami\/\" \/>\n<meta property=\"og:site_name\" content=\"Teatr Terminus A Quo\" \/>\n<meta property=\"article:publisher\" content=\"https:\/\/www.facebook.com\/terminusaquo\" \/>\n<meta property=\"article:published_time\" content=\"2013-11-01T22:00:49+00:00\" \/>\n<meta property=\"article:modified_time\" content=\"2023-03-30T19:41:45+00:00\" \/>\n<meta property=\"og:image\" content=\"https:\/\/terminusaquo.eu\/teatr\/wp-content\/uploads\/2013\/11\/dziewczynka.jpg\" \/>\n\t<meta property=\"og:image:width\" content=\"765\" \/>\n\t<meta property=\"og:image:height\" content=\"400\" \/>\n\t<meta property=\"og:image:type\" content=\"image\/jpeg\" \/>\n<meta name=\"author\" content=\"Teatr TAQ\" \/>\n<meta name=\"twitter:label1\" content=\"Verfasst von\" \/>\n\t<meta name=\"twitter:data1\" content=\"Teatr TAQ\" \/>\n\t<meta name=\"twitter:label2\" content=\"Gesch\u00e4tzte Lesezeit\" \/>\n\t<meta name=\"twitter:data2\" content=\"2\u00a0Minuten\" \/>\n<script type=\"application\/ld+json\" class=\"yoast-schema-graph\">{\"@context\":\"https:\/\/schema.org\",\"@graph\":[{\"@type\":\"Article\",\"@id\":\"https:\/\/terminusaquo.eu\/teatr\/dziewczynka-z-zyletkami\/#article\",\"isPartOf\":{\"@id\":\"https:\/\/terminusaquo.eu\/teatr\/dziewczynka-z-zyletkami\/\"},\"author\":{\"name\":\"Teatr TAQ\",\"@id\":\"https:\/\/terminusaquo.eu\/teatr\/#\/schema\/person\/76dc769bf2139b975dc161c0184732c0\"},\"headline\":\"Dziewczynka z \u017cyletkami\",\"datePublished\":\"2013-11-01T22:00:49+00:00\",\"dateModified\":\"2023-03-30T19:41:45+00:00\",\"mainEntityOfPage\":{\"@id\":\"https:\/\/terminusaquo.eu\/teatr\/dziewczynka-z-zyletkami\/\"},\"wordCount\":337,\"publisher\":{\"@id\":\"https:\/\/terminusaquo.eu\/teatr\/#organization\"},\"image\":{\"@id\":\"https:\/\/terminusaquo.eu\/teatr\/dziewczynka-z-zyletkami\/#primaryimage\"},\"thumbnailUrl\":\"https:\/\/terminusaquo.eu\/teatr\/wp-content\/uploads\/2013\/11\/dziewczynka.jpg\",\"articleSection\":[\"Archiwalne\",\"Sceniczne\",\"Spektakle\"],\"inLanguage\":\"de\"},{\"@type\":\"WebPage\",\"@id\":\"https:\/\/terminusaquo.eu\/teatr\/dziewczynka-z-zyletkami\/\",\"url\":\"https:\/\/terminusaquo.eu\/teatr\/dziewczynka-z-zyletkami\/\",\"name\":\"Dziewczynka z \u017cyletkami - Archiwalne, Sceniczne, Spektakle -\",\"isPartOf\":{\"@id\":\"https:\/\/terminusaquo.eu\/teatr\/#website\"},\"primaryImageOfPage\":{\"@id\":\"https:\/\/terminusaquo.eu\/teatr\/dziewczynka-z-zyletkami\/#primaryimage\"},\"image\":{\"@id\":\"https:\/\/terminusaquo.eu\/teatr\/dziewczynka-z-zyletkami\/#primaryimage\"},\"thumbnailUrl\":\"https:\/\/terminusaquo.eu\/teatr\/wp-content\/uploads\/2013\/11\/dziewczynka.jpg\",\"datePublished\":\"2013-11-01T22:00:49+00:00\",\"dateModified\":\"2023-03-30T19:41:45+00:00\",\"breadcrumb\":{\"@id\":\"https:\/\/terminusaquo.eu\/teatr\/dziewczynka-z-zyletkami\/#breadcrumb\"},\"inLanguage\":\"de\",\"potentialAction\":[{\"@type\":\"ReadAction\",\"target\":[\"https:\/\/terminusaquo.eu\/teatr\/dziewczynka-z-zyletkami\/\"]}]},{\"@type\":\"ImageObject\",\"inLanguage\":\"de\",\"@id\":\"https:\/\/terminusaquo.eu\/teatr\/dziewczynka-z-zyletkami\/#primaryimage\",\"url\":\"https:\/\/terminusaquo.eu\/teatr\/wp-content\/uploads\/2013\/11\/dziewczynka.jpg\",\"contentUrl\":\"https:\/\/terminusaquo.eu\/teatr\/wp-content\/uploads\/2013\/11\/dziewczynka.jpg\",\"width\":765,\"height\":400,\"caption\":\"dziewczynka\"},{\"@type\":\"BreadcrumbList\",\"@id\":\"https:\/\/terminusaquo.eu\/teatr\/dziewczynka-z-zyletkami\/#breadcrumb\",\"itemListElement\":[{\"@type\":\"ListItem\",\"position\":1,\"name\":\"Teatr TAQ\",\"item\":\"https:\/\/terminusaquo.eu\/teatr\/\"},{\"@type\":\"ListItem\",\"position\":2,\"name\":\"Spektakle\",\"item\":\"https:\/\/terminusaquo.eu\/teatr\/spektakle\/\"},{\"@type\":\"ListItem\",\"position\":3,\"name\":\"Archiwalne\",\"item\":\"https:\/\/terminusaquo.eu\/teatr\/spektakle\/archiwalne\/\"},{\"@type\":\"ListItem\",\"position\":4,\"name\":\"Dziewczynka z \u017cyletkami\"}]},{\"@type\":\"WebSite\",\"@id\":\"https:\/\/terminusaquo.eu\/teatr\/#website\",\"url\":\"https:\/\/terminusaquo.eu\/teatr\/\",\"name\":\"Teatr Terminus A Quo\",\"description\":\"\",\"publisher\":{\"@id\":\"https:\/\/terminusaquo.eu\/teatr\/#organization\"},\"potentialAction\":[{\"@type\":\"SearchAction\",\"target\":{\"@type\":\"EntryPoint\",\"urlTemplate\":\"https:\/\/terminusaquo.eu\/teatr\/?s={search_term_string}\"},\"query-input\":{\"@type\":\"PropertyValueSpecification\",\"valueRequired\":true,\"valueName\":\"search_term_string\"}}],\"inLanguage\":\"de\"},{\"@type\":\"Organization\",\"@id\":\"https:\/\/terminusaquo.eu\/teatr\/#organization\",\"name\":\"Teatr Terminus A Quo\",\"url\":\"https:\/\/terminusaquo.eu\/teatr\/\",\"logo\":{\"@type\":\"ImageObject\",\"inLanguage\":\"de\",\"@id\":\"https:\/\/terminusaquo.eu\/teatr\/#\/schema\/logo\/image\/\",\"url\":\"https:\/\/terminusaquo.eu\/teatr\/wp-content\/uploads\/2013\/08\/cropped-taq-news-logo.png\",\"contentUrl\":\"https:\/\/terminusaquo.eu\/teatr\/wp-content\/uploads\/2013\/08\/cropped-taq-news-logo.png\",\"width\":233,\"height\":238,\"caption\":\"Teatr Terminus A Quo\"},\"image\":{\"@id\":\"https:\/\/terminusaquo.eu\/teatr\/#\/schema\/logo\/image\/\"},\"sameAs\":[\"https:\/\/www.facebook.com\/terminusaquo\"]},{\"@type\":\"Person\",\"@id\":\"https:\/\/terminusaquo.eu\/teatr\/#\/schema\/person\/76dc769bf2139b975dc161c0184732c0\",\"name\":\"Teatr TAQ\",\"image\":{\"@type\":\"ImageObject\",\"inLanguage\":\"de\",\"@id\":\"https:\/\/terminusaquo.eu\/teatr\/#\/schema\/person\/image\/\",\"url\":\"https:\/\/secure.gravatar.com\/avatar\/2ab5fc173a67d7214d768b697dbbe2b6a8e725bfc11a7dd8377e4b5213b79fb4?s=96&d=mm&r=g\",\"contentUrl\":\"https:\/\/secure.gravatar.com\/avatar\/2ab5fc173a67d7214d768b697dbbe2b6a8e725bfc11a7dd8377e4b5213b79fb4?s=96&d=mm&r=g\",\"caption\":\"Teatr TAQ\"}}]}<\/script>\n<!-- \/ Yoast SEO plugin. -->","yoast_head_json":{"title":"Dziewczynka z \u017cyletkami - Archiwalne, Sceniczne, Spektakle -","robots":{"index":"index","follow":"follow","max-snippet":"max-snippet:-1","max-image-preview":"max-image-preview:large","max-video-preview":"max-video-preview:-1"},"canonical":"https:\/\/terminusaquo.eu\/teatr\/de\/dziewczynka-z-zyletkami\/","og_locale":"de_DE","og_type":"article","og_title":"Dziewczynka z \u017cyletkami - Archiwalne, Sceniczne, Spektakle -","og_description":"O spektaklu \u201eDziewczynka z \u017cyletkami\u201d to szokuj\u0105cy spektakl o nietolerancji. O odrzuceniu. Spektakl wzorowany na ba\u015bni Hansa Christiana Andersena \u201eBrzydkie kacz\u0105tko\u201d ale bez happy endu. Aktorka w szczery i przekonywaj\u0105cy spos\u00f3b m\u00f3wi o swoich pogl\u0105dach, kt\u00f3re delikatnie m\u00f3wi\u0105c mo\u017cna nazwa\u0107 kontrowersyjnymi, a wi\u0119c obala mit religijny i potrzeb\u0119 wiary w Boga. Ma\u0142o tego daje recept\u0119 [&hellip;]","og_url":"https:\/\/terminusaquo.eu\/teatr\/de\/dziewczynka-z-zyletkami\/","og_site_name":"Teatr Terminus A Quo","article_publisher":"https:\/\/www.facebook.com\/terminusaquo","article_published_time":"2013-11-01T22:00:49+00:00","article_modified_time":"2023-03-30T19:41:45+00:00","og_image":[{"width":765,"height":400,"url":"https:\/\/terminusaquo.eu\/teatr\/wp-content\/uploads\/2013\/11\/dziewczynka.jpg","type":"image\/jpeg"}],"author":"Teatr TAQ","twitter_misc":{"Verfasst von":"Teatr TAQ","Gesch\u00e4tzte Lesezeit":"2\u00a0Minuten"},"schema":{"@context":"https:\/\/schema.org","@graph":[{"@type":"Article","@id":"https:\/\/terminusaquo.eu\/teatr\/dziewczynka-z-zyletkami\/#article","isPartOf":{"@id":"https:\/\/terminusaquo.eu\/teatr\/dziewczynka-z-zyletkami\/"},"author":{"name":"Teatr TAQ","@id":"https:\/\/terminusaquo.eu\/teatr\/#\/schema\/person\/76dc769bf2139b975dc161c0184732c0"},"headline":"Dziewczynka z \u017cyletkami","datePublished":"2013-11-01T22:00:49+00:00","dateModified":"2023-03-30T19:41:45+00:00","mainEntityOfPage":{"@id":"https:\/\/terminusaquo.eu\/teatr\/dziewczynka-z-zyletkami\/"},"wordCount":337,"publisher":{"@id":"https:\/\/terminusaquo.eu\/teatr\/#organization"},"image":{"@id":"https:\/\/terminusaquo.eu\/teatr\/dziewczynka-z-zyletkami\/#primaryimage"},"thumbnailUrl":"https:\/\/terminusaquo.eu\/teatr\/wp-content\/uploads\/2013\/11\/dziewczynka.jpg","articleSection":["Archiwalne","Sceniczne","Spektakle"],"inLanguage":"de"},{"@type":"WebPage","@id":"https:\/\/terminusaquo.eu\/teatr\/dziewczynka-z-zyletkami\/","url":"https:\/\/terminusaquo.eu\/teatr\/dziewczynka-z-zyletkami\/","name":"Dziewczynka z \u017cyletkami - Archiwalne, Sceniczne, Spektakle -","isPartOf":{"@id":"https:\/\/terminusaquo.eu\/teatr\/#website"},"primaryImageOfPage":{"@id":"https:\/\/terminusaquo.eu\/teatr\/dziewczynka-z-zyletkami\/#primaryimage"},"image":{"@id":"https:\/\/terminusaquo.eu\/teatr\/dziewczynka-z-zyletkami\/#primaryimage"},"thumbnailUrl":"https:\/\/terminusaquo.eu\/teatr\/wp-content\/uploads\/2013\/11\/dziewczynka.jpg","datePublished":"2013-11-01T22:00:49+00:00","dateModified":"2023-03-30T19:41:45+00:00","breadcrumb":{"@id":"https:\/\/terminusaquo.eu\/teatr\/dziewczynka-z-zyletkami\/#breadcrumb"},"inLanguage":"de","potentialAction":[{"@type":"ReadAction","target":["https:\/\/terminusaquo.eu\/teatr\/dziewczynka-z-zyletkami\/"]}]},{"@type":"ImageObject","inLanguage":"de","@id":"https:\/\/terminusaquo.eu\/teatr\/dziewczynka-z-zyletkami\/#primaryimage","url":"https:\/\/terminusaquo.eu\/teatr\/wp-content\/uploads\/2013\/11\/dziewczynka.jpg","contentUrl":"https:\/\/terminusaquo.eu\/teatr\/wp-content\/uploads\/2013\/11\/dziewczynka.jpg","width":765,"height":400,"caption":"dziewczynka"},{"@type":"BreadcrumbList","@id":"https:\/\/terminusaquo.eu\/teatr\/dziewczynka-z-zyletkami\/#breadcrumb","itemListElement":[{"@type":"ListItem","position":1,"name":"Teatr TAQ","item":"https:\/\/terminusaquo.eu\/teatr\/"},{"@type":"ListItem","position":2,"name":"Spektakle","item":"https:\/\/terminusaquo.eu\/teatr\/spektakle\/"},{"@type":"ListItem","position":3,"name":"Archiwalne","item":"https:\/\/terminusaquo.eu\/teatr\/spektakle\/archiwalne\/"},{"@type":"ListItem","position":4,"name":"Dziewczynka z \u017cyletkami"}]},{"@type":"WebSite","@id":"https:\/\/terminusaquo.eu\/teatr\/#website","url":"https:\/\/terminusaquo.eu\/teatr\/","name":"Teatr Terminus A Quo","description":"","publisher":{"@id":"https:\/\/terminusaquo.eu\/teatr\/#organization"},"potentialAction":[{"@type":"SearchAction","target":{"@type":"EntryPoint","urlTemplate":"https:\/\/terminusaquo.eu\/teatr\/?s={search_term_string}"},"query-input":{"@type":"PropertyValueSpecification","valueRequired":true,"valueName":"search_term_string"}}],"inLanguage":"de"},{"@type":"Organization","@id":"https:\/\/terminusaquo.eu\/teatr\/#organization","name":"Teatr Terminus A Quo","url":"https:\/\/terminusaquo.eu\/teatr\/","logo":{"@type":"ImageObject","inLanguage":"de","@id":"https:\/\/terminusaquo.eu\/teatr\/#\/schema\/logo\/image\/","url":"https:\/\/terminusaquo.eu\/teatr\/wp-content\/uploads\/2013\/08\/cropped-taq-news-logo.png","contentUrl":"https:\/\/terminusaquo.eu\/teatr\/wp-content\/uploads\/2013\/08\/cropped-taq-news-logo.png","width":233,"height":238,"caption":"Teatr Terminus A Quo"},"image":{"@id":"https:\/\/terminusaquo.eu\/teatr\/#\/schema\/logo\/image\/"},"sameAs":["https:\/\/www.facebook.com\/terminusaquo"]},{"@type":"Person","@id":"https:\/\/terminusaquo.eu\/teatr\/#\/schema\/person\/76dc769bf2139b975dc161c0184732c0","name":"Teatr TAQ","image":{"@type":"ImageObject","inLanguage":"de","@id":"https:\/\/terminusaquo.eu\/teatr\/#\/schema\/person\/image\/","url":"https:\/\/secure.gravatar.com\/avatar\/2ab5fc173a67d7214d768b697dbbe2b6a8e725bfc11a7dd8377e4b5213b79fb4?s=96&d=mm&r=g","contentUrl":"https:\/\/secure.gravatar.com\/avatar\/2ab5fc173a67d7214d768b697dbbe2b6a8e725bfc11a7dd8377e4b5213b79fb4?s=96&d=mm&r=g","caption":"Teatr TAQ"}}]}},"_links":{"self":[{"href":"http:\/\/terminusaquo.eu\/teatr\/de\/wp-json\/wp\/v2\/posts\/553","targetHints":{"allow":["GET"]}}],"collection":[{"href":"http:\/\/terminusaquo.eu\/teatr\/de\/wp-json\/wp\/v2\/posts"}],"about":[{"href":"http:\/\/terminusaquo.eu\/teatr\/de\/wp-json\/wp\/v2\/types\/post"}],"author":[{"embeddable":true,"href":"http:\/\/terminusaquo.eu\/teatr\/de\/wp-json\/wp\/v2\/users\/1"}],"replies":[{"embeddable":true,"href":"http:\/\/terminusaquo.eu\/teatr\/de\/wp-json\/wp\/v2\/comments?post=553"}],"version-history":[{"count":1,"href":"http:\/\/terminusaquo.eu\/teatr\/de\/wp-json\/wp\/v2\/posts\/553\/revisions"}],"predecessor-version":[{"id":2406,"href":"http:\/\/terminusaquo.eu\/teatr\/de\/wp-json\/wp\/v2\/posts\/553\/revisions\/2406"}],"wp:featuredmedia":[{"embeddable":true,"href":"http:\/\/terminusaquo.eu\/teatr\/de\/wp-json\/wp\/v2\/media\/554"}],"wp:attachment":[{"href":"http:\/\/terminusaquo.eu\/teatr\/de\/wp-json\/wp\/v2\/media?parent=553"}],"wp:term":[{"taxonomy":"category","embeddable":true,"href":"http:\/\/terminusaquo.eu\/teatr\/de\/wp-json\/wp\/v2\/categories?post=553"},{"taxonomy":"post_tag","embeddable":true,"href":"http:\/\/terminusaquo.eu\/teatr\/de\/wp-json\/wp\/v2\/tags?post=553"}],"curies":[{"name":"wp","href":"https:\/\/api.w.org\/{rel}","templated":true}]}}