{"id":561,"date":"2013-11-01T23:04:04","date_gmt":"2013-11-01T22:04:04","guid":{"rendered":"http:\/\/terminusaquo.eu\/teatr\/?p=561"},"modified":"2016-02-17T10:06:04","modified_gmt":"2016-02-17T09:06:04","slug":"krol-lear","status":"publish","type":"post","link":"http:\/\/terminusaquo.eu\/teatr\/de\/krol-lear\/","title":{"rendered":"Kr\u00f3l Lear"},"content":{"rendered":"<h4 class=\"spektakle\">O spektaklu<\/h4>\n<p>\u201eKr\u00f3l Lear\u201d Teatru TAQ to realizacja spektaklu bez s\u0142\u00f3w. Edward Gramont, opr\u00f3cz swojej wizji spektaklu, zaprosi\u0142 do realizacji ca\u0142y zesp\u00f3\u0142. Z zespo\u0142u wy\u0142oni\u0142y si\u0119 osoby, kt\u00f3re mia\u0142y ostateczny wp\u0142yw na realizacj\u0119 przedstawienia: Katarzyna Miko\u0142ajczak, Eliasz Gramont, Cezary Molenda, Micha\u0142 Kasprzak. W ten spos\u00f3b powsta\u0142 spektakl, kt\u00f3ry charakteryzuje si\u0119 przede wszystkim ekspozycj\u0105 plastyczno-ruchow\u0105 (taneczn\u0105). Dramat Szekspira potraktowany zosta\u0142 jako punkt wyj\u015bcia do wyeksponowania tego co w TAQ najcenniejsze, pomys\u0142y plastyczne i umiej\u0119tno\u015bci taneczne, one stanowi\u0105 warsztat opowie\u015bci o r\u00f3wnoleg\u0142ym dramacie Kr\u00f3la Leare&#8217;a oraz Gloucestera. W pierwszym wypadku, nieprzemy\u015blana decyzja s\u0119dziwego w\u0142adcy staje si\u0119 dramatycznym splotem nieszcz\u0119\u015bliwych wypadk\u00f3w, w kt\u00f3rych dominuje zazdro\u015b\u0107 i pragnienie w\u0142adzy, w drugim za\u015b &#8211; r\u00f3d Gloucestera &#8211; to intryga tego, kt\u00f3ry nie mia\u0142 prawa pretendowa\u0107 do w\u0142adzy &#8211; Edmunda, doprowadza do \u015bmierci jego samego oraz ojca. W spektaklu TAQ, nie wyst\u0119puje ca\u0142a plejada wa\u017cnych postaci z dramatu Szekspira, ale to nie umniejsza atrakcyjno\u015bci widowiska podpartego sugestywn\u0105 muzyk\u0105 Philipa Glassa.<\/p>\n<h4 class=\"spektakle\">Galeria<\/h4>\n<p>Wkr\u00f3tce<\/p>\n<h4 class=\"spektakle\">Geneza<\/h4>\n<p>182 premiera Teatru TAQ, mia\u0142a miejsce 19 maja 2007 roku, w Domu Kultury KASH &#8222;Alter Schuetzenhof&#8221; w Achim, w Niemczech.<\/p>\n<p>Pomys\u0142 zrealizowania spektaklu wizyjnego jakim jest &#8222;Kr\u00f3l Lear&#8221; Teatru TAQ wyszed\u0142 od Zielke Thomas z Achim (D), kt\u00f3ra nam\u00f3wi\u0142a trzy ekipy z miast partnerskich: Achim (D), Cezis (LV) i Nowa S\u00f3l (PL) by zrealizowa\u0107 swoje wizje dramatu Wiliama Szekspira i wystawi\u0107 je podczas jednego wsp\u00f3lnego wieczoru. Tak te\u017c si\u0119 sta\u0142o. <\/p>\n<h4 class=\"spektakle\">Aktorzy<\/h4>\n<p><strong>Obecny sk\u0142ad zespo\u0142u<\/strong><br \/>\nObecny sk\u0142ad zespo\u0142u:<br \/>\nKr\u00f3l Lear &#8211; Edward Gramont<br \/>\nGoneryla \u2013 Marta Chor\u0105\u017cyk<br \/>\nRegana \u2013 Adriana Bo\u015b<br \/>\nKordelia \u2013 Kinga Nowak<br \/>\nB\u0142azen &#8211; Eliasz Gramont<br \/>\nGloucester &#8211; Cezary Molenda<br \/>\nEdgar \u2013 Konrad Gramont<br \/>\nEdmund \u2013 Kamil Ksi\u0105dzyk<\/p>\n<p><strong>Pierwszy sk\u0142ad zespo\u0142u<\/strong><br \/>\nKr\u00f3l Lear &#8211; Edward Gramont<br \/>\nGoneryla &#8211; Katarzyna Miko\u0142ajczak<br \/>\nRegana \u2013 Agnieszka Buczkowska<br \/>\nKordelia \u2013 Aleksandra Samborska<br \/>\nB\u0142azen &#8211; Eliasz Gramont<br \/>\nGloucester &#8211; Cezary Molenda<br \/>\nEdgar &#8211; Micha\u0142 Kasprzak<br \/>\nEdmund \u2013 Damian Ko\u0142tko<\/p>\n<h4 class=\"spektakle\">Kronika<\/h4>\n<p>Ilo\u015b\u0107 wystawie\u0144 sztuki: 7<\/p>\n<p><strong>Wa\u017cniejsze wystawienia sztuki: <\/strong><\/p>\n<li>19 maja 2007 &#8211; Achim (D). KASH &#34;Alter Schuetzenhof&#34;. Project K\u00f6ning Lear<\/li>\n<li>20 lipca 2007 \u2013 Inow\u0142\u00f3dz. Przed ruinami zamku Kazimierza Wielkiego. XII FESTIWAL<\/li>\n<li>W KRAJOBRAZIE<\/li>\n<li>24 lipca 2010 \u2013 My\u015blib\u00f3rz. Rynek. X FESTIWAL MA\u0141YCH FORM TEATRALNYCH<\/li>\n<li>I KABARETOWYCH<\/li>\n<li>7 lipca 2013 \u2013 Nowa S\u00f3l. Teatr TERMINUS A QUO. LIPCOWA BURZA TEATRALNA<\/li>\n<li>28 lipca 2013 \u2013 Mogilno. Amfiteatr miejski. Park Miejski<\/li>","protected":false},"excerpt":{"rendered":"<p>O spektaklu \u201eKr\u00f3l Lear\u201d Teatru TAQ to realizacja spektaklu bez s\u0142\u00f3w. Edward Gramont, opr\u00f3cz swojej wizji spektaklu, zaprosi\u0142 do realizacji ca\u0142y zesp\u00f3\u0142. Z zespo\u0142u wy\u0142oni\u0142y si\u0119 osoby, kt\u00f3re mia\u0142y ostateczny wp\u0142yw na realizacj\u0119 przedstawienia: Katarzyna Miko\u0142ajczak, Eliasz Gramont, Cezary Molenda, Micha\u0142 Kasprzak. W ten spos\u00f3b powsta\u0142 spektakl, kt\u00f3ry charakteryzuje si\u0119 przede wszystkim ekspozycj\u0105 plastyczno-ruchow\u0105 (taneczn\u0105). [&hellip;]<\/p>","protected":false},"author":1,"featured_media":562,"comment_status":"closed","ping_status":"closed","sticky":false,"template":"","format":"standard","meta":{"ngg_post_thumbnail":0,"footnotes":""},"categories":[8,4],"tags":[],"class_list":["post-561","post","type-post","status-publish","format-standard","has-post-thumbnail","hentry","category-sceniczne","category-spektakle"],"blocksy_meta":[],"yoast_head":"<!-- This site is optimized with the Yoast SEO plugin v24.5 - https:\/\/yoast.com\/wordpress\/plugins\/seo\/ -->\n<title>Kr\u00f3l Lear - Sceniczne, Spektakle -<\/title>\n<meta name=\"robots\" content=\"index, follow, max-snippet:-1, max-image-preview:large, max-video-preview:-1\" \/>\n<link rel=\"canonical\" href=\"https:\/\/terminusaquo.eu\/teatr\/de\/krol-lear\/\" \/>\n<meta property=\"og:locale\" content=\"de_DE\" \/>\n<meta property=\"og:type\" content=\"article\" \/>\n<meta property=\"og:title\" content=\"Kr\u00f3l Lear - Sceniczne, Spektakle -\" \/>\n<meta property=\"og:description\" content=\"O spektaklu \u201eKr\u00f3l Lear\u201d Teatru TAQ to realizacja spektaklu bez s\u0142\u00f3w. Edward Gramont, opr\u00f3cz swojej wizji spektaklu, zaprosi\u0142 do realizacji ca\u0142y zesp\u00f3\u0142. Z zespo\u0142u wy\u0142oni\u0142y si\u0119 osoby, kt\u00f3re mia\u0142y ostateczny wp\u0142yw na realizacj\u0119 przedstawienia: Katarzyna Miko\u0142ajczak, Eliasz Gramont, Cezary Molenda, Micha\u0142 Kasprzak. W ten spos\u00f3b powsta\u0142 spektakl, kt\u00f3ry charakteryzuje si\u0119 przede wszystkim ekspozycj\u0105 plastyczno-ruchow\u0105 (taneczn\u0105). [&hellip;]\" \/>\n<meta property=\"og:url\" content=\"https:\/\/terminusaquo.eu\/teatr\/de\/krol-lear\/\" \/>\n<meta property=\"og:site_name\" content=\"Teatr Terminus A Quo\" \/>\n<meta property=\"article:publisher\" content=\"https:\/\/www.facebook.com\/terminusaquo\" \/>\n<meta property=\"article:published_time\" content=\"2013-11-01T22:04:04+00:00\" \/>\n<meta property=\"article:modified_time\" content=\"2016-02-17T09:06:04+00:00\" \/>\n<meta property=\"og:image\" content=\"https:\/\/terminusaquo.eu\/teatr\/wp-content\/uploads\/2013\/11\/krol-lear.jpg\" \/>\n\t<meta property=\"og:image:width\" content=\"709\" \/>\n\t<meta property=\"og:image:height\" content=\"371\" \/>\n\t<meta property=\"og:image:type\" content=\"image\/jpeg\" \/>\n<meta name=\"author\" content=\"Teatr TAQ\" \/>\n<meta name=\"twitter:label1\" content=\"Verfasst von\" \/>\n\t<meta name=\"twitter:data1\" content=\"Teatr TAQ\" \/>\n\t<meta name=\"twitter:label2\" content=\"Gesch\u00e4tzte Lesezeit\" \/>\n\t<meta name=\"twitter:data2\" content=\"2\u00a0Minuten\" \/>\n<script type=\"application\/ld+json\" class=\"yoast-schema-graph\">{\"@context\":\"https:\/\/schema.org\",\"@graph\":[{\"@type\":\"Article\",\"@id\":\"https:\/\/terminusaquo.eu\/teatr\/krol-lear\/#article\",\"isPartOf\":{\"@id\":\"https:\/\/terminusaquo.eu\/teatr\/krol-lear\/\"},\"author\":{\"name\":\"Teatr TAQ\",\"@id\":\"https:\/\/terminusaquo.eu\/teatr\/#\/schema\/person\/76dc769bf2139b975dc161c0184732c0\"},\"headline\":\"Kr\u00f3l Lear\",\"datePublished\":\"2013-11-01T22:04:04+00:00\",\"dateModified\":\"2016-02-17T09:06:04+00:00\",\"mainEntityOfPage\":{\"@id\":\"https:\/\/terminusaquo.eu\/teatr\/krol-lear\/\"},\"wordCount\":415,\"publisher\":{\"@id\":\"https:\/\/terminusaquo.eu\/teatr\/#organization\"},\"image\":{\"@id\":\"https:\/\/terminusaquo.eu\/teatr\/krol-lear\/#primaryimage\"},\"thumbnailUrl\":\"https:\/\/terminusaquo.eu\/teatr\/wp-content\/uploads\/2013\/11\/krol-lear.jpg\",\"articleSection\":[\"Sceniczne\",\"Spektakle\"],\"inLanguage\":\"de\"},{\"@type\":\"WebPage\",\"@id\":\"https:\/\/terminusaquo.eu\/teatr\/krol-lear\/\",\"url\":\"https:\/\/terminusaquo.eu\/teatr\/krol-lear\/\",\"name\":\"Kr\u00f3l Lear - Sceniczne, Spektakle -\",\"isPartOf\":{\"@id\":\"https:\/\/terminusaquo.eu\/teatr\/#website\"},\"primaryImageOfPage\":{\"@id\":\"https:\/\/terminusaquo.eu\/teatr\/krol-lear\/#primaryimage\"},\"image\":{\"@id\":\"https:\/\/terminusaquo.eu\/teatr\/krol-lear\/#primaryimage\"},\"thumbnailUrl\":\"https:\/\/terminusaquo.eu\/teatr\/wp-content\/uploads\/2013\/11\/krol-lear.jpg\",\"datePublished\":\"2013-11-01T22:04:04+00:00\",\"dateModified\":\"2016-02-17T09:06:04+00:00\",\"breadcrumb\":{\"@id\":\"https:\/\/terminusaquo.eu\/teatr\/krol-lear\/#breadcrumb\"},\"inLanguage\":\"de\",\"potentialAction\":[{\"@type\":\"ReadAction\",\"target\":[\"https:\/\/terminusaquo.eu\/teatr\/krol-lear\/\"]}]},{\"@type\":\"ImageObject\",\"inLanguage\":\"de\",\"@id\":\"https:\/\/terminusaquo.eu\/teatr\/krol-lear\/#primaryimage\",\"url\":\"https:\/\/terminusaquo.eu\/teatr\/wp-content\/uploads\/2013\/11\/krol-lear.jpg\",\"contentUrl\":\"https:\/\/terminusaquo.eu\/teatr\/wp-content\/uploads\/2013\/11\/krol-lear.jpg\",\"width\":709,\"height\":371,\"caption\":\"krol lear\"},{\"@type\":\"BreadcrumbList\",\"@id\":\"https:\/\/terminusaquo.eu\/teatr\/krol-lear\/#breadcrumb\",\"itemListElement\":[{\"@type\":\"ListItem\",\"position\":1,\"name\":\"Teatr TAQ\",\"item\":\"https:\/\/terminusaquo.eu\/teatr\/\"},{\"@type\":\"ListItem\",\"position\":2,\"name\":\"Spektakle\",\"item\":\"https:\/\/terminusaquo.eu\/teatr\/spektakle\/\"},{\"@type\":\"ListItem\",\"position\":3,\"name\":\"Sceniczne\",\"item\":\"https:\/\/terminusaquo.eu\/teatr\/spektakle\/sceniczne\/\"},{\"@type\":\"ListItem\",\"position\":4,\"name\":\"Kr\u00f3l Lear\"}]},{\"@type\":\"WebSite\",\"@id\":\"https:\/\/terminusaquo.eu\/teatr\/#website\",\"url\":\"https:\/\/terminusaquo.eu\/teatr\/\",\"name\":\"Teatr Terminus A Quo\",\"description\":\"\",\"publisher\":{\"@id\":\"https:\/\/terminusaquo.eu\/teatr\/#organization\"},\"potentialAction\":[{\"@type\":\"SearchAction\",\"target\":{\"@type\":\"EntryPoint\",\"urlTemplate\":\"https:\/\/terminusaquo.eu\/teatr\/?s={search_term_string}\"},\"query-input\":{\"@type\":\"PropertyValueSpecification\",\"valueRequired\":true,\"valueName\":\"search_term_string\"}}],\"inLanguage\":\"de\"},{\"@type\":\"Organization\",\"@id\":\"https:\/\/terminusaquo.eu\/teatr\/#organization\",\"name\":\"Teatr Terminus A Quo\",\"url\":\"https:\/\/terminusaquo.eu\/teatr\/\",\"logo\":{\"@type\":\"ImageObject\",\"inLanguage\":\"de\",\"@id\":\"https:\/\/terminusaquo.eu\/teatr\/#\/schema\/logo\/image\/\",\"url\":\"https:\/\/terminusaquo.eu\/teatr\/wp-content\/uploads\/2013\/08\/cropped-taq-news-logo.png\",\"contentUrl\":\"https:\/\/terminusaquo.eu\/teatr\/wp-content\/uploads\/2013\/08\/cropped-taq-news-logo.png\",\"width\":233,\"height\":238,\"caption\":\"Teatr Terminus A Quo\"},\"image\":{\"@id\":\"https:\/\/terminusaquo.eu\/teatr\/#\/schema\/logo\/image\/\"},\"sameAs\":[\"https:\/\/www.facebook.com\/terminusaquo\"]},{\"@type\":\"Person\",\"@id\":\"https:\/\/terminusaquo.eu\/teatr\/#\/schema\/person\/76dc769bf2139b975dc161c0184732c0\",\"name\":\"Teatr TAQ\",\"image\":{\"@type\":\"ImageObject\",\"inLanguage\":\"de\",\"@id\":\"https:\/\/terminusaquo.eu\/teatr\/#\/schema\/person\/image\/\",\"url\":\"https:\/\/secure.gravatar.com\/avatar\/2ab5fc173a67d7214d768b697dbbe2b6a8e725bfc11a7dd8377e4b5213b79fb4?s=96&d=mm&r=g\",\"contentUrl\":\"https:\/\/secure.gravatar.com\/avatar\/2ab5fc173a67d7214d768b697dbbe2b6a8e725bfc11a7dd8377e4b5213b79fb4?s=96&d=mm&r=g\",\"caption\":\"Teatr TAQ\"}}]}<\/script>\n<!-- \/ Yoast SEO plugin. -->","yoast_head_json":{"title":"Kr\u00f3l Lear - Sceniczne, Spektakle -","robots":{"index":"index","follow":"follow","max-snippet":"max-snippet:-1","max-image-preview":"max-image-preview:large","max-video-preview":"max-video-preview:-1"},"canonical":"https:\/\/terminusaquo.eu\/teatr\/de\/krol-lear\/","og_locale":"de_DE","og_type":"article","og_title":"Kr\u00f3l Lear - Sceniczne, Spektakle -","og_description":"O spektaklu \u201eKr\u00f3l Lear\u201d Teatru TAQ to realizacja spektaklu bez s\u0142\u00f3w. Edward Gramont, opr\u00f3cz swojej wizji spektaklu, zaprosi\u0142 do realizacji ca\u0142y zesp\u00f3\u0142. Z zespo\u0142u wy\u0142oni\u0142y si\u0119 osoby, kt\u00f3re mia\u0142y ostateczny wp\u0142yw na realizacj\u0119 przedstawienia: Katarzyna Miko\u0142ajczak, Eliasz Gramont, Cezary Molenda, Micha\u0142 Kasprzak. W ten spos\u00f3b powsta\u0142 spektakl, kt\u00f3ry charakteryzuje si\u0119 przede wszystkim ekspozycj\u0105 plastyczno-ruchow\u0105 (taneczn\u0105). [&hellip;]","og_url":"https:\/\/terminusaquo.eu\/teatr\/de\/krol-lear\/","og_site_name":"Teatr Terminus A Quo","article_publisher":"https:\/\/www.facebook.com\/terminusaquo","article_published_time":"2013-11-01T22:04:04+00:00","article_modified_time":"2016-02-17T09:06:04+00:00","og_image":[{"width":709,"height":371,"url":"https:\/\/terminusaquo.eu\/teatr\/wp-content\/uploads\/2013\/11\/krol-lear.jpg","type":"image\/jpeg"}],"author":"Teatr TAQ","twitter_misc":{"Verfasst von":"Teatr TAQ","Gesch\u00e4tzte Lesezeit":"2\u00a0Minuten"},"schema":{"@context":"https:\/\/schema.org","@graph":[{"@type":"Article","@id":"https:\/\/terminusaquo.eu\/teatr\/krol-lear\/#article","isPartOf":{"@id":"https:\/\/terminusaquo.eu\/teatr\/krol-lear\/"},"author":{"name":"Teatr TAQ","@id":"https:\/\/terminusaquo.eu\/teatr\/#\/schema\/person\/76dc769bf2139b975dc161c0184732c0"},"headline":"Kr\u00f3l Lear","datePublished":"2013-11-01T22:04:04+00:00","dateModified":"2016-02-17T09:06:04+00:00","mainEntityOfPage":{"@id":"https:\/\/terminusaquo.eu\/teatr\/krol-lear\/"},"wordCount":415,"publisher":{"@id":"https:\/\/terminusaquo.eu\/teatr\/#organization"},"image":{"@id":"https:\/\/terminusaquo.eu\/teatr\/krol-lear\/#primaryimage"},"thumbnailUrl":"https:\/\/terminusaquo.eu\/teatr\/wp-content\/uploads\/2013\/11\/krol-lear.jpg","articleSection":["Sceniczne","Spektakle"],"inLanguage":"de"},{"@type":"WebPage","@id":"https:\/\/terminusaquo.eu\/teatr\/krol-lear\/","url":"https:\/\/terminusaquo.eu\/teatr\/krol-lear\/","name":"Kr\u00f3l Lear - Sceniczne, Spektakle -","isPartOf":{"@id":"https:\/\/terminusaquo.eu\/teatr\/#website"},"primaryImageOfPage":{"@id":"https:\/\/terminusaquo.eu\/teatr\/krol-lear\/#primaryimage"},"image":{"@id":"https:\/\/terminusaquo.eu\/teatr\/krol-lear\/#primaryimage"},"thumbnailUrl":"https:\/\/terminusaquo.eu\/teatr\/wp-content\/uploads\/2013\/11\/krol-lear.jpg","datePublished":"2013-11-01T22:04:04+00:00","dateModified":"2016-02-17T09:06:04+00:00","breadcrumb":{"@id":"https:\/\/terminusaquo.eu\/teatr\/krol-lear\/#breadcrumb"},"inLanguage":"de","potentialAction":[{"@type":"ReadAction","target":["https:\/\/terminusaquo.eu\/teatr\/krol-lear\/"]}]},{"@type":"ImageObject","inLanguage":"de","@id":"https:\/\/terminusaquo.eu\/teatr\/krol-lear\/#primaryimage","url":"https:\/\/terminusaquo.eu\/teatr\/wp-content\/uploads\/2013\/11\/krol-lear.jpg","contentUrl":"https:\/\/terminusaquo.eu\/teatr\/wp-content\/uploads\/2013\/11\/krol-lear.jpg","width":709,"height":371,"caption":"krol lear"},{"@type":"BreadcrumbList","@id":"https:\/\/terminusaquo.eu\/teatr\/krol-lear\/#breadcrumb","itemListElement":[{"@type":"ListItem","position":1,"name":"Teatr TAQ","item":"https:\/\/terminusaquo.eu\/teatr\/"},{"@type":"ListItem","position":2,"name":"Spektakle","item":"https:\/\/terminusaquo.eu\/teatr\/spektakle\/"},{"@type":"ListItem","position":3,"name":"Sceniczne","item":"https:\/\/terminusaquo.eu\/teatr\/spektakle\/sceniczne\/"},{"@type":"ListItem","position":4,"name":"Kr\u00f3l Lear"}]},{"@type":"WebSite","@id":"https:\/\/terminusaquo.eu\/teatr\/#website","url":"https:\/\/terminusaquo.eu\/teatr\/","name":"Teatr Terminus A Quo","description":"","publisher":{"@id":"https:\/\/terminusaquo.eu\/teatr\/#organization"},"potentialAction":[{"@type":"SearchAction","target":{"@type":"EntryPoint","urlTemplate":"https:\/\/terminusaquo.eu\/teatr\/?s={search_term_string}"},"query-input":{"@type":"PropertyValueSpecification","valueRequired":true,"valueName":"search_term_string"}}],"inLanguage":"de"},{"@type":"Organization","@id":"https:\/\/terminusaquo.eu\/teatr\/#organization","name":"Teatr Terminus A Quo","url":"https:\/\/terminusaquo.eu\/teatr\/","logo":{"@type":"ImageObject","inLanguage":"de","@id":"https:\/\/terminusaquo.eu\/teatr\/#\/schema\/logo\/image\/","url":"https:\/\/terminusaquo.eu\/teatr\/wp-content\/uploads\/2013\/08\/cropped-taq-news-logo.png","contentUrl":"https:\/\/terminusaquo.eu\/teatr\/wp-content\/uploads\/2013\/08\/cropped-taq-news-logo.png","width":233,"height":238,"caption":"Teatr Terminus A Quo"},"image":{"@id":"https:\/\/terminusaquo.eu\/teatr\/#\/schema\/logo\/image\/"},"sameAs":["https:\/\/www.facebook.com\/terminusaquo"]},{"@type":"Person","@id":"https:\/\/terminusaquo.eu\/teatr\/#\/schema\/person\/76dc769bf2139b975dc161c0184732c0","name":"Teatr TAQ","image":{"@type":"ImageObject","inLanguage":"de","@id":"https:\/\/terminusaquo.eu\/teatr\/#\/schema\/person\/image\/","url":"https:\/\/secure.gravatar.com\/avatar\/2ab5fc173a67d7214d768b697dbbe2b6a8e725bfc11a7dd8377e4b5213b79fb4?s=96&d=mm&r=g","contentUrl":"https:\/\/secure.gravatar.com\/avatar\/2ab5fc173a67d7214d768b697dbbe2b6a8e725bfc11a7dd8377e4b5213b79fb4?s=96&d=mm&r=g","caption":"Teatr TAQ"}}]}},"_links":{"self":[{"href":"http:\/\/terminusaquo.eu\/teatr\/de\/wp-json\/wp\/v2\/posts\/561","targetHints":{"allow":["GET"]}}],"collection":[{"href":"http:\/\/terminusaquo.eu\/teatr\/de\/wp-json\/wp\/v2\/posts"}],"about":[{"href":"http:\/\/terminusaquo.eu\/teatr\/de\/wp-json\/wp\/v2\/types\/post"}],"author":[{"embeddable":true,"href":"http:\/\/terminusaquo.eu\/teatr\/de\/wp-json\/wp\/v2\/users\/1"}],"replies":[{"embeddable":true,"href":"http:\/\/terminusaquo.eu\/teatr\/de\/wp-json\/wp\/v2\/comments?post=561"}],"version-history":[{"count":0,"href":"http:\/\/terminusaquo.eu\/teatr\/de\/wp-json\/wp\/v2\/posts\/561\/revisions"}],"wp:featuredmedia":[{"embeddable":true,"href":"http:\/\/terminusaquo.eu\/teatr\/de\/wp-json\/wp\/v2\/media\/562"}],"wp:attachment":[{"href":"http:\/\/terminusaquo.eu\/teatr\/de\/wp-json\/wp\/v2\/media?parent=561"}],"wp:term":[{"taxonomy":"category","embeddable":true,"href":"http:\/\/terminusaquo.eu\/teatr\/de\/wp-json\/wp\/v2\/categories?post=561"},{"taxonomy":"post_tag","embeddable":true,"href":"http:\/\/terminusaquo.eu\/teatr\/de\/wp-json\/wp\/v2\/tags?post=561"}],"curies":[{"name":"wp","href":"https:\/\/api.w.org\/{rel}","templated":true}]}}