{"id":574,"date":"2013-11-04T16:57:42","date_gmt":"2013-11-04T15:57:42","guid":{"rendered":"http:\/\/terminusaquo.eu\/teatr\/?p=574"},"modified":"2013-11-04T16:57:42","modified_gmt":"2013-11-04T15:57:42","slug":"noc-kupaly","status":"publish","type":"post","link":"http:\/\/terminusaquo.eu\/teatr\/de\/noc-kupaly\/","title":{"rendered":"Noc Kupa\u0142y"},"content":{"rendered":"<h4 class=\"spektakle\">O spektaklu<\/h4>\n<p>\u201eNoc Kupa\u0142y\u201d to spektakl sp\u00f3\u0142ki autorskiej Edward Gramont i Cezary Molenda, nawi\u0105zuj\u0105cy poprzez sceny plastyczne do widowiska plenerowego, maj\u0105cego niew\u0105tpliwe walory, w kt\u00f3rym dominuj\u0105 dwa \u017cywio\u0142y ognia i wody. Umiejscowienie tego spektaklu nad brzegiem jeziora, b\u0105d\u017a nad brzegiem rzeki stwarza niepowtarzalny klimat uroczystego obrz\u0105dku kupalnocki z ta\u0144cem wok\u00f3\u0142 ogniska i puszczaniem wiank\u00f3w w finale. Na spektakl sk\u0142adaj\u0105 si\u0119 sceny teatru ognia i teatru plastycznego poprzez sugestywne obrazy, kt\u00f3re buduj\u0105 wieloznaczn\u0105 poetyck\u0105 fabu\u0142\u0119.<br \/>\nNa elementy kt\u00f3re wyostrzaj\u0105 obraz sk\u0142adaj\u0105 si\u0119 te\u017c: sugestywna muzyka, naturalne brzmienie b\u0119bn\u00f3w, czar ogniska, \u017cywio\u0142owa gra aktor\u00f3w, snopy \u015bwiat\u0142a rzucane z reflektor\u00f3w oraz zbudowane sylwetki postaci odtwarzaj\u0105cych wiod\u0105ce role aktorskie.<\/p>\n<h4 class=\"spektakle\">Galeria<\/h4>\n<p>Wkr\u00f3tce.<\/p>\n<h4 class=\"spektakle\">Geneza<\/h4>\n<p>215 premiera Teatru TAQ, mia\u0142a miejsce<br \/>\n22 czerwca 2012 roku, na pla\u017cy nas Jeziorem Lgi\u0144sko w Lginiu jako widowisko plenerowe.<\/p>\n<p>Scenariusz sztuki napisa\u0142 duet: Edward Gramont i Cezary Molenda<\/p>\n<h4 class=\"spektakle\">Aktorzy<\/h4>\n<p><strong>Obecny sk\u0142ad zespo\u0142u<\/strong><br \/>\nEliasz Gramont, Adrian \u017bukoty\u0144ski, Cezary Molenda, Kornalia Za\u0142uska, Krzysztof Swereda, Kamil Ksi\u0105dzyk, S\u0142awomir \u017barski, Adriana Bo\u015b, Katarzyna Peca, Marta Chor\u0105\u017cyk, Magdalena Budzyniak, Konrad Gramont, Monika Chojnacka, Karol Kolba<br \/>\noraz Teatr Ognia z Ko\u017cuchowa:<br \/>\nMarzena Gaw\u0142owska, Kinga Gaczy\u0144ska, Sylwester Gruszkowski<\/p>\n<h4 class=\"spektakle\">Kronika<\/h4>\n<p>Ilo\u015b\u0107 wystawie\u0144 sztuki: 4<\/p>\n<p><strong>Wa\u017cniejsze wystawienia sztuki: <\/strong><\/p>\n<li>22 czerwca 2012 \u2013 Lgi\u0144. Pla\u017ca nad Jeziorem Lgi\u0144sko<\/li>\n<li>23 czerwca 2012 \u2013 S\u0142awa. Pla\u017ca nad Jeziorem S\u0142awskim<\/li>\n<li>24 czerwca 2012 \u2013 Nowa S\u00f3l. Marina Portu Nowa S\u00f3l. CEPELIADA 2012<\/li>\n<li>21 lipca 2012 \u2013 My\u015blib\u00f3rz. Pla\u017ca miejska nad Jeziorem My\u015bliborskim. XII FESTIWAL MA\u0141YCH FORM TEATRALNYCH I KABARETOWTCH<\/li>","protected":false},"excerpt":{"rendered":"<p>O spektaklu \u201eNoc Kupa\u0142y\u201d to spektakl sp\u00f3\u0142ki autorskiej Edward Gramont i Cezary Molenda, nawi\u0105zuj\u0105cy poprzez sceny plastyczne do widowiska plenerowego, maj\u0105cego niew\u0105tpliwe walory, w kt\u00f3rym dominuj\u0105 dwa \u017cywio\u0142y ognia i wody. Umiejscowienie tego spektaklu nad brzegiem jeziora, b\u0105d\u017a nad brzegiem rzeki stwarza niepowtarzalny klimat uroczystego obrz\u0105dku kupalnocki z ta\u0144cem wok\u00f3\u0142 ogniska i puszczaniem wiank\u00f3w w [&hellip;]<\/p>","protected":false},"author":1,"featured_media":575,"comment_status":"closed","ping_status":"closed","sticky":false,"template":"","format":"standard","meta":{"ngg_post_thumbnail":0,"footnotes":""},"categories":[6,4],"tags":[],"class_list":["post-574","post","type-post","status-publish","format-standard","has-post-thumbnail","hentry","category-plenerowe","category-spektakle"],"blocksy_meta":[],"yoast_head":"<!-- This site is optimized with the Yoast SEO plugin v24.5 - https:\/\/yoast.com\/wordpress\/plugins\/seo\/ -->\n<title>Noc Kupa\u0142y - Plenerowe, Spektakle -<\/title>\n<meta name=\"robots\" content=\"index, follow, max-snippet:-1, max-image-preview:large, max-video-preview:-1\" \/>\n<link rel=\"canonical\" href=\"https:\/\/terminusaquo.eu\/teatr\/de\/noc-kupaly\/\" \/>\n<meta property=\"og:locale\" content=\"de_DE\" \/>\n<meta property=\"og:type\" content=\"article\" \/>\n<meta property=\"og:title\" content=\"Noc Kupa\u0142y - Plenerowe, Spektakle -\" \/>\n<meta property=\"og:description\" content=\"O spektaklu \u201eNoc Kupa\u0142y\u201d to spektakl sp\u00f3\u0142ki autorskiej Edward Gramont i Cezary Molenda, nawi\u0105zuj\u0105cy poprzez sceny plastyczne do widowiska plenerowego, maj\u0105cego niew\u0105tpliwe walory, w kt\u00f3rym dominuj\u0105 dwa \u017cywio\u0142y ognia i wody. Umiejscowienie tego spektaklu nad brzegiem jeziora, b\u0105d\u017a nad brzegiem rzeki stwarza niepowtarzalny klimat uroczystego obrz\u0105dku kupalnocki z ta\u0144cem wok\u00f3\u0142 ogniska i puszczaniem wiank\u00f3w w [&hellip;]\" \/>\n<meta property=\"og:url\" content=\"https:\/\/terminusaquo.eu\/teatr\/de\/noc-kupaly\/\" \/>\n<meta property=\"og:site_name\" content=\"Teatr Terminus A Quo\" \/>\n<meta property=\"article:publisher\" content=\"https:\/\/www.facebook.com\/terminusaquo\" \/>\n<meta property=\"article:published_time\" content=\"2013-11-04T15:57:42+00:00\" \/>\n<meta property=\"og:image\" content=\"https:\/\/terminusaquo.eu\/teatr\/wp-content\/uploads\/2013\/11\/noc-kupaly.jpg\" \/>\n\t<meta property=\"og:image:width\" content=\"765\" \/>\n\t<meta property=\"og:image:height\" content=\"400\" \/>\n\t<meta property=\"og:image:type\" content=\"image\/jpeg\" \/>\n<meta name=\"author\" content=\"Teatr TAQ\" \/>\n<meta name=\"twitter:label1\" content=\"Verfasst von\" \/>\n\t<meta name=\"twitter:data1\" content=\"Teatr TAQ\" \/>\n\t<meta name=\"twitter:label2\" content=\"Gesch\u00e4tzte Lesezeit\" \/>\n\t<meta name=\"twitter:data2\" content=\"1\u00a0Minute\" \/>\n<script type=\"application\/ld+json\" class=\"yoast-schema-graph\">{\"@context\":\"https:\/\/schema.org\",\"@graph\":[{\"@type\":\"Article\",\"@id\":\"https:\/\/terminusaquo.eu\/teatr\/noc-kupaly\/#article\",\"isPartOf\":{\"@id\":\"https:\/\/terminusaquo.eu\/teatr\/noc-kupaly\/\"},\"author\":{\"name\":\"Teatr TAQ\",\"@id\":\"https:\/\/terminusaquo.eu\/teatr\/#\/schema\/person\/76dc769bf2139b975dc161c0184732c0\"},\"headline\":\"Noc Kupa\u0142y\",\"datePublished\":\"2013-11-04T15:57:42+00:00\",\"mainEntityOfPage\":{\"@id\":\"https:\/\/terminusaquo.eu\/teatr\/noc-kupaly\/\"},\"wordCount\":272,\"publisher\":{\"@id\":\"https:\/\/terminusaquo.eu\/teatr\/#organization\"},\"image\":{\"@id\":\"https:\/\/terminusaquo.eu\/teatr\/noc-kupaly\/#primaryimage\"},\"thumbnailUrl\":\"https:\/\/terminusaquo.eu\/teatr\/wp-content\/uploads\/2013\/11\/noc-kupaly.jpg\",\"articleSection\":[\"Plenerowe\",\"Spektakle\"],\"inLanguage\":\"de\"},{\"@type\":\"WebPage\",\"@id\":\"https:\/\/terminusaquo.eu\/teatr\/noc-kupaly\/\",\"url\":\"https:\/\/terminusaquo.eu\/teatr\/noc-kupaly\/\",\"name\":\"Noc Kupa\u0142y - Plenerowe, Spektakle -\",\"isPartOf\":{\"@id\":\"https:\/\/terminusaquo.eu\/teatr\/#website\"},\"primaryImageOfPage\":{\"@id\":\"https:\/\/terminusaquo.eu\/teatr\/noc-kupaly\/#primaryimage\"},\"image\":{\"@id\":\"https:\/\/terminusaquo.eu\/teatr\/noc-kupaly\/#primaryimage\"},\"thumbnailUrl\":\"https:\/\/terminusaquo.eu\/teatr\/wp-content\/uploads\/2013\/11\/noc-kupaly.jpg\",\"datePublished\":\"2013-11-04T15:57:42+00:00\",\"breadcrumb\":{\"@id\":\"https:\/\/terminusaquo.eu\/teatr\/noc-kupaly\/#breadcrumb\"},\"inLanguage\":\"de\",\"potentialAction\":[{\"@type\":\"ReadAction\",\"target\":[\"https:\/\/terminusaquo.eu\/teatr\/noc-kupaly\/\"]}]},{\"@type\":\"ImageObject\",\"inLanguage\":\"de\",\"@id\":\"https:\/\/terminusaquo.eu\/teatr\/noc-kupaly\/#primaryimage\",\"url\":\"https:\/\/terminusaquo.eu\/teatr\/wp-content\/uploads\/2013\/11\/noc-kupaly.jpg\",\"contentUrl\":\"https:\/\/terminusaquo.eu\/teatr\/wp-content\/uploads\/2013\/11\/noc-kupaly.jpg\",\"width\":765,\"height\":400,\"caption\":\"noc kupaly\"},{\"@type\":\"BreadcrumbList\",\"@id\":\"https:\/\/terminusaquo.eu\/teatr\/noc-kupaly\/#breadcrumb\",\"itemListElement\":[{\"@type\":\"ListItem\",\"position\":1,\"name\":\"Teatr TAQ\",\"item\":\"https:\/\/terminusaquo.eu\/teatr\/\"},{\"@type\":\"ListItem\",\"position\":2,\"name\":\"Spektakle\",\"item\":\"https:\/\/terminusaquo.eu\/teatr\/spektakle\/\"},{\"@type\":\"ListItem\",\"position\":3,\"name\":\"Plenerowe\",\"item\":\"https:\/\/terminusaquo.eu\/teatr\/spektakle\/plenerowe\/\"},{\"@type\":\"ListItem\",\"position\":4,\"name\":\"Noc Kupa\u0142y\"}]},{\"@type\":\"WebSite\",\"@id\":\"https:\/\/terminusaquo.eu\/teatr\/#website\",\"url\":\"https:\/\/terminusaquo.eu\/teatr\/\",\"name\":\"Teatr Terminus A Quo\",\"description\":\"\",\"publisher\":{\"@id\":\"https:\/\/terminusaquo.eu\/teatr\/#organization\"},\"potentialAction\":[{\"@type\":\"SearchAction\",\"target\":{\"@type\":\"EntryPoint\",\"urlTemplate\":\"https:\/\/terminusaquo.eu\/teatr\/?s={search_term_string}\"},\"query-input\":{\"@type\":\"PropertyValueSpecification\",\"valueRequired\":true,\"valueName\":\"search_term_string\"}}],\"inLanguage\":\"de\"},{\"@type\":\"Organization\",\"@id\":\"https:\/\/terminusaquo.eu\/teatr\/#organization\",\"name\":\"Teatr Terminus A Quo\",\"url\":\"https:\/\/terminusaquo.eu\/teatr\/\",\"logo\":{\"@type\":\"ImageObject\",\"inLanguage\":\"de\",\"@id\":\"https:\/\/terminusaquo.eu\/teatr\/#\/schema\/logo\/image\/\",\"url\":\"https:\/\/terminusaquo.eu\/teatr\/wp-content\/uploads\/2013\/08\/cropped-taq-news-logo.png\",\"contentUrl\":\"https:\/\/terminusaquo.eu\/teatr\/wp-content\/uploads\/2013\/08\/cropped-taq-news-logo.png\",\"width\":233,\"height\":238,\"caption\":\"Teatr Terminus A Quo\"},\"image\":{\"@id\":\"https:\/\/terminusaquo.eu\/teatr\/#\/schema\/logo\/image\/\"},\"sameAs\":[\"https:\/\/www.facebook.com\/terminusaquo\"]},{\"@type\":\"Person\",\"@id\":\"https:\/\/terminusaquo.eu\/teatr\/#\/schema\/person\/76dc769bf2139b975dc161c0184732c0\",\"name\":\"Teatr TAQ\",\"image\":{\"@type\":\"ImageObject\",\"inLanguage\":\"de\",\"@id\":\"https:\/\/terminusaquo.eu\/teatr\/#\/schema\/person\/image\/\",\"url\":\"https:\/\/secure.gravatar.com\/avatar\/2ab5fc173a67d7214d768b697dbbe2b6a8e725bfc11a7dd8377e4b5213b79fb4?s=96&d=mm&r=g\",\"contentUrl\":\"https:\/\/secure.gravatar.com\/avatar\/2ab5fc173a67d7214d768b697dbbe2b6a8e725bfc11a7dd8377e4b5213b79fb4?s=96&d=mm&r=g\",\"caption\":\"Teatr TAQ\"}}]}<\/script>\n<!-- \/ Yoast SEO plugin. -->","yoast_head_json":{"title":"Noc Kupa\u0142y - Plenerowe, Spektakle -","robots":{"index":"index","follow":"follow","max-snippet":"max-snippet:-1","max-image-preview":"max-image-preview:large","max-video-preview":"max-video-preview:-1"},"canonical":"https:\/\/terminusaquo.eu\/teatr\/de\/noc-kupaly\/","og_locale":"de_DE","og_type":"article","og_title":"Noc Kupa\u0142y - Plenerowe, Spektakle -","og_description":"O spektaklu \u201eNoc Kupa\u0142y\u201d to spektakl sp\u00f3\u0142ki autorskiej Edward Gramont i Cezary Molenda, nawi\u0105zuj\u0105cy poprzez sceny plastyczne do widowiska plenerowego, maj\u0105cego niew\u0105tpliwe walory, w kt\u00f3rym dominuj\u0105 dwa \u017cywio\u0142y ognia i wody. Umiejscowienie tego spektaklu nad brzegiem jeziora, b\u0105d\u017a nad brzegiem rzeki stwarza niepowtarzalny klimat uroczystego obrz\u0105dku kupalnocki z ta\u0144cem wok\u00f3\u0142 ogniska i puszczaniem wiank\u00f3w w [&hellip;]","og_url":"https:\/\/terminusaquo.eu\/teatr\/de\/noc-kupaly\/","og_site_name":"Teatr Terminus A Quo","article_publisher":"https:\/\/www.facebook.com\/terminusaquo","article_published_time":"2013-11-04T15:57:42+00:00","og_image":[{"width":765,"height":400,"url":"https:\/\/terminusaquo.eu\/teatr\/wp-content\/uploads\/2013\/11\/noc-kupaly.jpg","type":"image\/jpeg"}],"author":"Teatr TAQ","twitter_misc":{"Verfasst von":"Teatr TAQ","Gesch\u00e4tzte Lesezeit":"1\u00a0Minute"},"schema":{"@context":"https:\/\/schema.org","@graph":[{"@type":"Article","@id":"https:\/\/terminusaquo.eu\/teatr\/noc-kupaly\/#article","isPartOf":{"@id":"https:\/\/terminusaquo.eu\/teatr\/noc-kupaly\/"},"author":{"name":"Teatr TAQ","@id":"https:\/\/terminusaquo.eu\/teatr\/#\/schema\/person\/76dc769bf2139b975dc161c0184732c0"},"headline":"Noc Kupa\u0142y","datePublished":"2013-11-04T15:57:42+00:00","mainEntityOfPage":{"@id":"https:\/\/terminusaquo.eu\/teatr\/noc-kupaly\/"},"wordCount":272,"publisher":{"@id":"https:\/\/terminusaquo.eu\/teatr\/#organization"},"image":{"@id":"https:\/\/terminusaquo.eu\/teatr\/noc-kupaly\/#primaryimage"},"thumbnailUrl":"https:\/\/terminusaquo.eu\/teatr\/wp-content\/uploads\/2013\/11\/noc-kupaly.jpg","articleSection":["Plenerowe","Spektakle"],"inLanguage":"de"},{"@type":"WebPage","@id":"https:\/\/terminusaquo.eu\/teatr\/noc-kupaly\/","url":"https:\/\/terminusaquo.eu\/teatr\/noc-kupaly\/","name":"Noc Kupa\u0142y - Plenerowe, Spektakle -","isPartOf":{"@id":"https:\/\/terminusaquo.eu\/teatr\/#website"},"primaryImageOfPage":{"@id":"https:\/\/terminusaquo.eu\/teatr\/noc-kupaly\/#primaryimage"},"image":{"@id":"https:\/\/terminusaquo.eu\/teatr\/noc-kupaly\/#primaryimage"},"thumbnailUrl":"https:\/\/terminusaquo.eu\/teatr\/wp-content\/uploads\/2013\/11\/noc-kupaly.jpg","datePublished":"2013-11-04T15:57:42+00:00","breadcrumb":{"@id":"https:\/\/terminusaquo.eu\/teatr\/noc-kupaly\/#breadcrumb"},"inLanguage":"de","potentialAction":[{"@type":"ReadAction","target":["https:\/\/terminusaquo.eu\/teatr\/noc-kupaly\/"]}]},{"@type":"ImageObject","inLanguage":"de","@id":"https:\/\/terminusaquo.eu\/teatr\/noc-kupaly\/#primaryimage","url":"https:\/\/terminusaquo.eu\/teatr\/wp-content\/uploads\/2013\/11\/noc-kupaly.jpg","contentUrl":"https:\/\/terminusaquo.eu\/teatr\/wp-content\/uploads\/2013\/11\/noc-kupaly.jpg","width":765,"height":400,"caption":"noc kupaly"},{"@type":"BreadcrumbList","@id":"https:\/\/terminusaquo.eu\/teatr\/noc-kupaly\/#breadcrumb","itemListElement":[{"@type":"ListItem","position":1,"name":"Teatr TAQ","item":"https:\/\/terminusaquo.eu\/teatr\/"},{"@type":"ListItem","position":2,"name":"Spektakle","item":"https:\/\/terminusaquo.eu\/teatr\/spektakle\/"},{"@type":"ListItem","position":3,"name":"Plenerowe","item":"https:\/\/terminusaquo.eu\/teatr\/spektakle\/plenerowe\/"},{"@type":"ListItem","position":4,"name":"Noc Kupa\u0142y"}]},{"@type":"WebSite","@id":"https:\/\/terminusaquo.eu\/teatr\/#website","url":"https:\/\/terminusaquo.eu\/teatr\/","name":"Teatr Terminus A Quo","description":"","publisher":{"@id":"https:\/\/terminusaquo.eu\/teatr\/#organization"},"potentialAction":[{"@type":"SearchAction","target":{"@type":"EntryPoint","urlTemplate":"https:\/\/terminusaquo.eu\/teatr\/?s={search_term_string}"},"query-input":{"@type":"PropertyValueSpecification","valueRequired":true,"valueName":"search_term_string"}}],"inLanguage":"de"},{"@type":"Organization","@id":"https:\/\/terminusaquo.eu\/teatr\/#organization","name":"Teatr Terminus A Quo","url":"https:\/\/terminusaquo.eu\/teatr\/","logo":{"@type":"ImageObject","inLanguage":"de","@id":"https:\/\/terminusaquo.eu\/teatr\/#\/schema\/logo\/image\/","url":"https:\/\/terminusaquo.eu\/teatr\/wp-content\/uploads\/2013\/08\/cropped-taq-news-logo.png","contentUrl":"https:\/\/terminusaquo.eu\/teatr\/wp-content\/uploads\/2013\/08\/cropped-taq-news-logo.png","width":233,"height":238,"caption":"Teatr Terminus A Quo"},"image":{"@id":"https:\/\/terminusaquo.eu\/teatr\/#\/schema\/logo\/image\/"},"sameAs":["https:\/\/www.facebook.com\/terminusaquo"]},{"@type":"Person","@id":"https:\/\/terminusaquo.eu\/teatr\/#\/schema\/person\/76dc769bf2139b975dc161c0184732c0","name":"Teatr TAQ","image":{"@type":"ImageObject","inLanguage":"de","@id":"https:\/\/terminusaquo.eu\/teatr\/#\/schema\/person\/image\/","url":"https:\/\/secure.gravatar.com\/avatar\/2ab5fc173a67d7214d768b697dbbe2b6a8e725bfc11a7dd8377e4b5213b79fb4?s=96&d=mm&r=g","contentUrl":"https:\/\/secure.gravatar.com\/avatar\/2ab5fc173a67d7214d768b697dbbe2b6a8e725bfc11a7dd8377e4b5213b79fb4?s=96&d=mm&r=g","caption":"Teatr TAQ"}}]}},"_links":{"self":[{"href":"http:\/\/terminusaquo.eu\/teatr\/de\/wp-json\/wp\/v2\/posts\/574","targetHints":{"allow":["GET"]}}],"collection":[{"href":"http:\/\/terminusaquo.eu\/teatr\/de\/wp-json\/wp\/v2\/posts"}],"about":[{"href":"http:\/\/terminusaquo.eu\/teatr\/de\/wp-json\/wp\/v2\/types\/post"}],"author":[{"embeddable":true,"href":"http:\/\/terminusaquo.eu\/teatr\/de\/wp-json\/wp\/v2\/users\/1"}],"replies":[{"embeddable":true,"href":"http:\/\/terminusaquo.eu\/teatr\/de\/wp-json\/wp\/v2\/comments?post=574"}],"version-history":[{"count":0,"href":"http:\/\/terminusaquo.eu\/teatr\/de\/wp-json\/wp\/v2\/posts\/574\/revisions"}],"wp:featuredmedia":[{"embeddable":true,"href":"http:\/\/terminusaquo.eu\/teatr\/de\/wp-json\/wp\/v2\/media\/575"}],"wp:attachment":[{"href":"http:\/\/terminusaquo.eu\/teatr\/de\/wp-json\/wp\/v2\/media?parent=574"}],"wp:term":[{"taxonomy":"category","embeddable":true,"href":"http:\/\/terminusaquo.eu\/teatr\/de\/wp-json\/wp\/v2\/categories?post=574"},{"taxonomy":"post_tag","embeddable":true,"href":"http:\/\/terminusaquo.eu\/teatr\/de\/wp-json\/wp\/v2\/tags?post=574"}],"curies":[{"name":"wp","href":"https:\/\/api.w.org\/{rel}","templated":true}]}}