{"id":593,"date":"2013-11-04T17:13:46","date_gmt":"2013-11-04T16:13:46","guid":{"rendered":"http:\/\/terminusaquo.eu\/teatr\/?p=593"},"modified":"2013-11-04T17:13:46","modified_gmt":"2013-11-04T16:13:46","slug":"wesele-luzyckie","status":"publish","type":"post","link":"http:\/\/terminusaquo.eu\/teatr\/de\/wesele-luzyckie\/","title":{"rendered":"Wesele \u0141u\u017cyckie"},"content":{"rendered":"<h4 class=\"spektakle\">O spektaklu<\/h4>\n<p>&#8222;Wesele \u0141u\u017cyckie&#8221; za ka\u017cdym razem przedstawione by\u0142o w innej formie. Jedynie rdze\u0144 pozostawa\u0142 ten sam &#8211; tradycje ziemi \u0142uzyckiej i motyw za\u015blubin.<\/p>\n<p>Para m\u0142oda bior\u0105ca \u015blub w tradycyjnych strojach \u0142u\u017cyckich oraz uczestnicz\u0105ca w obrz\u0119dach i zabawach towarzysz\u0105cym \u0142u\u017cyckim weselom.<\/p>\n<h4 class=\"spektakle\">Galeria<\/h4>\n<p>Wkr\u00f3tce.<\/p>\n<h4 class=\"spektakle\">Geneza<\/h4>\n<p>Premiera mia\u0142a miejsce 29 maja 20011 roku w \u017barach.<\/p>\n<p>Inscenizacja za\u015blubin oraz wesela zosta\u0142a stworzona na potrzeby Urz\u0119du Miejskiego w \u017barach, kt\u00f3ry co roku organizuje Jarmark \u0141u\u017cycki.<\/p>\n<h4 class=\"spektakle\">Aktorzy<\/h4>\n<p><strong>Odtw\u00f3rcy charakterystycznych r\u00f3l:<\/strong><\/p>\n<p>PANNA M\u0141ODA:<br \/>\n1. Adriana Bo\u015b \u2013 2<br \/>\n2. Ma\u0142gorzata Peca &#8211; 1<\/p>\n<p>PAN M\u0141ODY:<br \/>\n1. Konrad Gramont \u2013 3   <\/p>\n<p>KSI\u0104DZ:<br \/>\n1. Eliasz Gramont \u2013 1<br \/>\n2. Kamil Ksi\u0105dzyk &#8211; 1<\/p>\n<p>MATKA PANNY M\u0141ODEJ:<br \/>\n1.  Monika Chojnacka &#8211; 2<\/p>\n<p>MATKA PANA M\u0141ODEGO:<br \/>\n1. Anna \u0141azdowska-Eli\u0144ska &#8211; 1<\/p>\n<p>OJCIEC PANNY M\u0141ODEJ:<br \/>\n1. Edward Gramont \u2013 1<br \/>\n2. Arkadiusz Nawrocki &#8211; 1<\/p>\n<p>OJCIEC PANA M\u0141ODEGO:<br \/>\n1. Przemys\u0142aw Kazimierski &#8211; 1<\/p>\n<p>BRA\u0160KA:<br \/>\n1. Cezary Molenda \u2013 2<br \/>\n2. Eliasz Gramont &#8211; 1<\/p>\n<h4 class=\"spektakle\">Kronika<\/h4>\n<p>Ilo\u015b\u0107 wystawie\u0144 sztuki: 3<\/p>\n<p><strong>Wa\u017cniejsze wystawienia sztuki: <\/strong><\/p>\n<li>29 maja 20011 roku &#8211; \u017bary. Runek i deptak \u017carski. Inscenizacja wesela \u0142u\u017cyckiego oraz g\u00f3ralskiego.<\/li>\n<li>26 maja 20012 roku &#8211; \u017bary. Runek i deptak \u017carski. Jarmark \u0141u\u017cycki.<\/li>\n<li>27 maja 20013 roku &#8211; \u017bary. Runek i deptak \u017carski. Wesele ze szczypt\u0105 humoru.<\/li>","protected":false},"excerpt":{"rendered":"<p>O spektaklu &#8222;Wesele \u0141u\u017cyckie&#8221; za ka\u017cdym razem przedstawione by\u0142o w innej formie. Jedynie rdze\u0144 pozostawa\u0142 ten sam &#8211; tradycje ziemi \u0142uzyckiej i motyw za\u015blubin. Para m\u0142oda bior\u0105ca \u015blub w tradycyjnych strojach \u0142u\u017cyckich oraz uczestnicz\u0105ca w obrz\u0119dach i zabawach towarzysz\u0105cym \u0142u\u017cyckim weselom. Galeria Wkr\u00f3tce. Geneza Premiera mia\u0142a miejsce 29 maja 20011 roku w \u017barach. Inscenizacja za\u015blubin [&hellip;]<\/p>","protected":false},"author":1,"featured_media":594,"comment_status":"closed","ping_status":"closed","sticky":false,"template":"","format":"standard","meta":{"ngg_post_thumbnail":0,"footnotes":""},"categories":[6,4],"tags":[],"class_list":["post-593","post","type-post","status-publish","format-standard","has-post-thumbnail","hentry","category-plenerowe","category-spektakle"],"blocksy_meta":[],"yoast_head":"<!-- This site is optimized with the Yoast SEO plugin v24.5 - https:\/\/yoast.com\/wordpress\/plugins\/seo\/ -->\n<title>Wesele \u0141u\u017cyckie - Plenerowe, Spektakle -<\/title>\n<meta name=\"robots\" content=\"index, follow, max-snippet:-1, max-image-preview:large, max-video-preview:-1\" \/>\n<link rel=\"canonical\" href=\"https:\/\/terminusaquo.eu\/teatr\/de\/wesele-luzyckie\/\" \/>\n<meta property=\"og:locale\" content=\"de_DE\" \/>\n<meta property=\"og:type\" content=\"article\" \/>\n<meta property=\"og:title\" content=\"Wesele \u0141u\u017cyckie - Plenerowe, Spektakle -\" \/>\n<meta property=\"og:description\" content=\"O spektaklu &#8222;Wesele \u0141u\u017cyckie&#8221; za ka\u017cdym razem przedstawione by\u0142o w innej formie. Jedynie rdze\u0144 pozostawa\u0142 ten sam &#8211; tradycje ziemi \u0142uzyckiej i motyw za\u015blubin. Para m\u0142oda bior\u0105ca \u015blub w tradycyjnych strojach \u0142u\u017cyckich oraz uczestnicz\u0105ca w obrz\u0119dach i zabawach towarzysz\u0105cym \u0142u\u017cyckim weselom. Galeria Wkr\u00f3tce. Geneza Premiera mia\u0142a miejsce 29 maja 20011 roku w \u017barach. Inscenizacja za\u015blubin [&hellip;]\" \/>\n<meta property=\"og:url\" content=\"https:\/\/terminusaquo.eu\/teatr\/de\/wesele-luzyckie\/\" \/>\n<meta property=\"og:site_name\" content=\"Teatr Terminus A Quo\" \/>\n<meta property=\"article:publisher\" content=\"https:\/\/www.facebook.com\/terminusaquo\" \/>\n<meta property=\"article:published_time\" content=\"2013-11-04T16:13:46+00:00\" \/>\n<meta property=\"og:image\" content=\"https:\/\/terminusaquo.eu\/teatr\/wp-content\/uploads\/2013\/11\/wesele-luzyckie.jpg\" \/>\n\t<meta property=\"og:image:width\" content=\"765\" \/>\n\t<meta property=\"og:image:height\" content=\"400\" \/>\n\t<meta property=\"og:image:type\" content=\"image\/jpeg\" \/>\n<meta name=\"author\" content=\"Teatr TAQ\" \/>\n<meta name=\"twitter:label1\" content=\"Verfasst von\" \/>\n\t<meta name=\"twitter:data1\" content=\"Teatr TAQ\" \/>\n\t<meta name=\"twitter:label2\" content=\"Gesch\u00e4tzte Lesezeit\" \/>\n\t<meta name=\"twitter:data2\" content=\"1\u00a0Minute\" \/>\n<script type=\"application\/ld+json\" class=\"yoast-schema-graph\">{\"@context\":\"https:\/\/schema.org\",\"@graph\":[{\"@type\":\"Article\",\"@id\":\"https:\/\/terminusaquo.eu\/teatr\/wesele-luzyckie\/#article\",\"isPartOf\":{\"@id\":\"https:\/\/terminusaquo.eu\/teatr\/wesele-luzyckie\/\"},\"author\":{\"name\":\"Teatr TAQ\",\"@id\":\"https:\/\/terminusaquo.eu\/teatr\/#\/schema\/person\/76dc769bf2139b975dc161c0184732c0\"},\"headline\":\"Wesele \u0141u\u017cyckie\",\"datePublished\":\"2013-11-04T16:13:46+00:00\",\"mainEntityOfPage\":{\"@id\":\"https:\/\/terminusaquo.eu\/teatr\/wesele-luzyckie\/\"},\"wordCount\":203,\"publisher\":{\"@id\":\"https:\/\/terminusaquo.eu\/teatr\/#organization\"},\"image\":{\"@id\":\"https:\/\/terminusaquo.eu\/teatr\/wesele-luzyckie\/#primaryimage\"},\"thumbnailUrl\":\"https:\/\/terminusaquo.eu\/teatr\/wp-content\/uploads\/2013\/11\/wesele-luzyckie.jpg\",\"articleSection\":[\"Plenerowe\",\"Spektakle\"],\"inLanguage\":\"de\"},{\"@type\":\"WebPage\",\"@id\":\"https:\/\/terminusaquo.eu\/teatr\/wesele-luzyckie\/\",\"url\":\"https:\/\/terminusaquo.eu\/teatr\/wesele-luzyckie\/\",\"name\":\"Wesele \u0141u\u017cyckie - Plenerowe, Spektakle -\",\"isPartOf\":{\"@id\":\"https:\/\/terminusaquo.eu\/teatr\/#website\"},\"primaryImageOfPage\":{\"@id\":\"https:\/\/terminusaquo.eu\/teatr\/wesele-luzyckie\/#primaryimage\"},\"image\":{\"@id\":\"https:\/\/terminusaquo.eu\/teatr\/wesele-luzyckie\/#primaryimage\"},\"thumbnailUrl\":\"https:\/\/terminusaquo.eu\/teatr\/wp-content\/uploads\/2013\/11\/wesele-luzyckie.jpg\",\"datePublished\":\"2013-11-04T16:13:46+00:00\",\"breadcrumb\":{\"@id\":\"https:\/\/terminusaquo.eu\/teatr\/wesele-luzyckie\/#breadcrumb\"},\"inLanguage\":\"de\",\"potentialAction\":[{\"@type\":\"ReadAction\",\"target\":[\"https:\/\/terminusaquo.eu\/teatr\/wesele-luzyckie\/\"]}]},{\"@type\":\"ImageObject\",\"inLanguage\":\"de\",\"@id\":\"https:\/\/terminusaquo.eu\/teatr\/wesele-luzyckie\/#primaryimage\",\"url\":\"https:\/\/terminusaquo.eu\/teatr\/wp-content\/uploads\/2013\/11\/wesele-luzyckie.jpg\",\"contentUrl\":\"https:\/\/terminusaquo.eu\/teatr\/wp-content\/uploads\/2013\/11\/wesele-luzyckie.jpg\",\"width\":765,\"height\":400,\"caption\":\"wesele luzyckie\"},{\"@type\":\"BreadcrumbList\",\"@id\":\"https:\/\/terminusaquo.eu\/teatr\/wesele-luzyckie\/#breadcrumb\",\"itemListElement\":[{\"@type\":\"ListItem\",\"position\":1,\"name\":\"Teatr TAQ\",\"item\":\"https:\/\/terminusaquo.eu\/teatr\/\"},{\"@type\":\"ListItem\",\"position\":2,\"name\":\"Spektakle\",\"item\":\"https:\/\/terminusaquo.eu\/teatr\/spektakle\/\"},{\"@type\":\"ListItem\",\"position\":3,\"name\":\"Plenerowe\",\"item\":\"https:\/\/terminusaquo.eu\/teatr\/spektakle\/plenerowe\/\"},{\"@type\":\"ListItem\",\"position\":4,\"name\":\"Wesele \u0141u\u017cyckie\"}]},{\"@type\":\"WebSite\",\"@id\":\"https:\/\/terminusaquo.eu\/teatr\/#website\",\"url\":\"https:\/\/terminusaquo.eu\/teatr\/\",\"name\":\"Teatr Terminus A Quo\",\"description\":\"\",\"publisher\":{\"@id\":\"https:\/\/terminusaquo.eu\/teatr\/#organization\"},\"potentialAction\":[{\"@type\":\"SearchAction\",\"target\":{\"@type\":\"EntryPoint\",\"urlTemplate\":\"https:\/\/terminusaquo.eu\/teatr\/?s={search_term_string}\"},\"query-input\":{\"@type\":\"PropertyValueSpecification\",\"valueRequired\":true,\"valueName\":\"search_term_string\"}}],\"inLanguage\":\"de\"},{\"@type\":\"Organization\",\"@id\":\"https:\/\/terminusaquo.eu\/teatr\/#organization\",\"name\":\"Teatr Terminus A Quo\",\"url\":\"https:\/\/terminusaquo.eu\/teatr\/\",\"logo\":{\"@type\":\"ImageObject\",\"inLanguage\":\"de\",\"@id\":\"https:\/\/terminusaquo.eu\/teatr\/#\/schema\/logo\/image\/\",\"url\":\"https:\/\/terminusaquo.eu\/teatr\/wp-content\/uploads\/2013\/08\/cropped-taq-news-logo.png\",\"contentUrl\":\"https:\/\/terminusaquo.eu\/teatr\/wp-content\/uploads\/2013\/08\/cropped-taq-news-logo.png\",\"width\":233,\"height\":238,\"caption\":\"Teatr Terminus A Quo\"},\"image\":{\"@id\":\"https:\/\/terminusaquo.eu\/teatr\/#\/schema\/logo\/image\/\"},\"sameAs\":[\"https:\/\/www.facebook.com\/terminusaquo\"]},{\"@type\":\"Person\",\"@id\":\"https:\/\/terminusaquo.eu\/teatr\/#\/schema\/person\/76dc769bf2139b975dc161c0184732c0\",\"name\":\"Teatr TAQ\",\"image\":{\"@type\":\"ImageObject\",\"inLanguage\":\"de\",\"@id\":\"https:\/\/terminusaquo.eu\/teatr\/#\/schema\/person\/image\/\",\"url\":\"https:\/\/secure.gravatar.com\/avatar\/2ab5fc173a67d7214d768b697dbbe2b6a8e725bfc11a7dd8377e4b5213b79fb4?s=96&d=mm&r=g\",\"contentUrl\":\"https:\/\/secure.gravatar.com\/avatar\/2ab5fc173a67d7214d768b697dbbe2b6a8e725bfc11a7dd8377e4b5213b79fb4?s=96&d=mm&r=g\",\"caption\":\"Teatr TAQ\"}}]}<\/script>\n<!-- \/ Yoast SEO plugin. -->","yoast_head_json":{"title":"Wesele \u0141u\u017cyckie - Plenerowe, Spektakle -","robots":{"index":"index","follow":"follow","max-snippet":"max-snippet:-1","max-image-preview":"max-image-preview:large","max-video-preview":"max-video-preview:-1"},"canonical":"https:\/\/terminusaquo.eu\/teatr\/de\/wesele-luzyckie\/","og_locale":"de_DE","og_type":"article","og_title":"Wesele \u0141u\u017cyckie - Plenerowe, Spektakle -","og_description":"O spektaklu &#8222;Wesele \u0141u\u017cyckie&#8221; za ka\u017cdym razem przedstawione by\u0142o w innej formie. Jedynie rdze\u0144 pozostawa\u0142 ten sam &#8211; tradycje ziemi \u0142uzyckiej i motyw za\u015blubin. Para m\u0142oda bior\u0105ca \u015blub w tradycyjnych strojach \u0142u\u017cyckich oraz uczestnicz\u0105ca w obrz\u0119dach i zabawach towarzysz\u0105cym \u0142u\u017cyckim weselom. Galeria Wkr\u00f3tce. Geneza Premiera mia\u0142a miejsce 29 maja 20011 roku w \u017barach. Inscenizacja za\u015blubin [&hellip;]","og_url":"https:\/\/terminusaquo.eu\/teatr\/de\/wesele-luzyckie\/","og_site_name":"Teatr Terminus A Quo","article_publisher":"https:\/\/www.facebook.com\/terminusaquo","article_published_time":"2013-11-04T16:13:46+00:00","og_image":[{"width":765,"height":400,"url":"https:\/\/terminusaquo.eu\/teatr\/wp-content\/uploads\/2013\/11\/wesele-luzyckie.jpg","type":"image\/jpeg"}],"author":"Teatr TAQ","twitter_misc":{"Verfasst von":"Teatr TAQ","Gesch\u00e4tzte Lesezeit":"1\u00a0Minute"},"schema":{"@context":"https:\/\/schema.org","@graph":[{"@type":"Article","@id":"https:\/\/terminusaquo.eu\/teatr\/wesele-luzyckie\/#article","isPartOf":{"@id":"https:\/\/terminusaquo.eu\/teatr\/wesele-luzyckie\/"},"author":{"name":"Teatr TAQ","@id":"https:\/\/terminusaquo.eu\/teatr\/#\/schema\/person\/76dc769bf2139b975dc161c0184732c0"},"headline":"Wesele \u0141u\u017cyckie","datePublished":"2013-11-04T16:13:46+00:00","mainEntityOfPage":{"@id":"https:\/\/terminusaquo.eu\/teatr\/wesele-luzyckie\/"},"wordCount":203,"publisher":{"@id":"https:\/\/terminusaquo.eu\/teatr\/#organization"},"image":{"@id":"https:\/\/terminusaquo.eu\/teatr\/wesele-luzyckie\/#primaryimage"},"thumbnailUrl":"https:\/\/terminusaquo.eu\/teatr\/wp-content\/uploads\/2013\/11\/wesele-luzyckie.jpg","articleSection":["Plenerowe","Spektakle"],"inLanguage":"de"},{"@type":"WebPage","@id":"https:\/\/terminusaquo.eu\/teatr\/wesele-luzyckie\/","url":"https:\/\/terminusaquo.eu\/teatr\/wesele-luzyckie\/","name":"Wesele \u0141u\u017cyckie - Plenerowe, Spektakle -","isPartOf":{"@id":"https:\/\/terminusaquo.eu\/teatr\/#website"},"primaryImageOfPage":{"@id":"https:\/\/terminusaquo.eu\/teatr\/wesele-luzyckie\/#primaryimage"},"image":{"@id":"https:\/\/terminusaquo.eu\/teatr\/wesele-luzyckie\/#primaryimage"},"thumbnailUrl":"https:\/\/terminusaquo.eu\/teatr\/wp-content\/uploads\/2013\/11\/wesele-luzyckie.jpg","datePublished":"2013-11-04T16:13:46+00:00","breadcrumb":{"@id":"https:\/\/terminusaquo.eu\/teatr\/wesele-luzyckie\/#breadcrumb"},"inLanguage":"de","potentialAction":[{"@type":"ReadAction","target":["https:\/\/terminusaquo.eu\/teatr\/wesele-luzyckie\/"]}]},{"@type":"ImageObject","inLanguage":"de","@id":"https:\/\/terminusaquo.eu\/teatr\/wesele-luzyckie\/#primaryimage","url":"https:\/\/terminusaquo.eu\/teatr\/wp-content\/uploads\/2013\/11\/wesele-luzyckie.jpg","contentUrl":"https:\/\/terminusaquo.eu\/teatr\/wp-content\/uploads\/2013\/11\/wesele-luzyckie.jpg","width":765,"height":400,"caption":"wesele luzyckie"},{"@type":"BreadcrumbList","@id":"https:\/\/terminusaquo.eu\/teatr\/wesele-luzyckie\/#breadcrumb","itemListElement":[{"@type":"ListItem","position":1,"name":"Teatr TAQ","item":"https:\/\/terminusaquo.eu\/teatr\/"},{"@type":"ListItem","position":2,"name":"Spektakle","item":"https:\/\/terminusaquo.eu\/teatr\/spektakle\/"},{"@type":"ListItem","position":3,"name":"Plenerowe","item":"https:\/\/terminusaquo.eu\/teatr\/spektakle\/plenerowe\/"},{"@type":"ListItem","position":4,"name":"Wesele \u0141u\u017cyckie"}]},{"@type":"WebSite","@id":"https:\/\/terminusaquo.eu\/teatr\/#website","url":"https:\/\/terminusaquo.eu\/teatr\/","name":"Teatr Terminus A Quo","description":"","publisher":{"@id":"https:\/\/terminusaquo.eu\/teatr\/#organization"},"potentialAction":[{"@type":"SearchAction","target":{"@type":"EntryPoint","urlTemplate":"https:\/\/terminusaquo.eu\/teatr\/?s={search_term_string}"},"query-input":{"@type":"PropertyValueSpecification","valueRequired":true,"valueName":"search_term_string"}}],"inLanguage":"de"},{"@type":"Organization","@id":"https:\/\/terminusaquo.eu\/teatr\/#organization","name":"Teatr Terminus A Quo","url":"https:\/\/terminusaquo.eu\/teatr\/","logo":{"@type":"ImageObject","inLanguage":"de","@id":"https:\/\/terminusaquo.eu\/teatr\/#\/schema\/logo\/image\/","url":"https:\/\/terminusaquo.eu\/teatr\/wp-content\/uploads\/2013\/08\/cropped-taq-news-logo.png","contentUrl":"https:\/\/terminusaquo.eu\/teatr\/wp-content\/uploads\/2013\/08\/cropped-taq-news-logo.png","width":233,"height":238,"caption":"Teatr Terminus A Quo"},"image":{"@id":"https:\/\/terminusaquo.eu\/teatr\/#\/schema\/logo\/image\/"},"sameAs":["https:\/\/www.facebook.com\/terminusaquo"]},{"@type":"Person","@id":"https:\/\/terminusaquo.eu\/teatr\/#\/schema\/person\/76dc769bf2139b975dc161c0184732c0","name":"Teatr TAQ","image":{"@type":"ImageObject","inLanguage":"de","@id":"https:\/\/terminusaquo.eu\/teatr\/#\/schema\/person\/image\/","url":"https:\/\/secure.gravatar.com\/avatar\/2ab5fc173a67d7214d768b697dbbe2b6a8e725bfc11a7dd8377e4b5213b79fb4?s=96&d=mm&r=g","contentUrl":"https:\/\/secure.gravatar.com\/avatar\/2ab5fc173a67d7214d768b697dbbe2b6a8e725bfc11a7dd8377e4b5213b79fb4?s=96&d=mm&r=g","caption":"Teatr TAQ"}}]}},"_links":{"self":[{"href":"http:\/\/terminusaquo.eu\/teatr\/de\/wp-json\/wp\/v2\/posts\/593","targetHints":{"allow":["GET"]}}],"collection":[{"href":"http:\/\/terminusaquo.eu\/teatr\/de\/wp-json\/wp\/v2\/posts"}],"about":[{"href":"http:\/\/terminusaquo.eu\/teatr\/de\/wp-json\/wp\/v2\/types\/post"}],"author":[{"embeddable":true,"href":"http:\/\/terminusaquo.eu\/teatr\/de\/wp-json\/wp\/v2\/users\/1"}],"replies":[{"embeddable":true,"href":"http:\/\/terminusaquo.eu\/teatr\/de\/wp-json\/wp\/v2\/comments?post=593"}],"version-history":[{"count":0,"href":"http:\/\/terminusaquo.eu\/teatr\/de\/wp-json\/wp\/v2\/posts\/593\/revisions"}],"wp:featuredmedia":[{"embeddable":true,"href":"http:\/\/terminusaquo.eu\/teatr\/de\/wp-json\/wp\/v2\/media\/594"}],"wp:attachment":[{"href":"http:\/\/terminusaquo.eu\/teatr\/de\/wp-json\/wp\/v2\/media?parent=593"}],"wp:term":[{"taxonomy":"category","embeddable":true,"href":"http:\/\/terminusaquo.eu\/teatr\/de\/wp-json\/wp\/v2\/categories?post=593"},{"taxonomy":"post_tag","embeddable":true,"href":"http:\/\/terminusaquo.eu\/teatr\/de\/wp-json\/wp\/v2\/tags?post=593"}],"curies":[{"name":"wp","href":"https:\/\/api.w.org\/{rel}","templated":true}]}}