{"id":693,"date":"2013-12-11T00:47:33","date_gmt":"2013-12-10T23:47:33","guid":{"rendered":"http:\/\/terminusaquo.eu\/teatr\/?p=693"},"modified":"2016-02-18T13:46:14","modified_gmt":"2016-02-18T12:46:14","slug":"spokojnie","status":"publish","type":"post","link":"http:\/\/terminusaquo.eu\/teatr\/de\/spokojnie\/","title":{"rendered":"Spokojnie"},"content":{"rendered":"<h4 class=\"spektakle\">O spektaklu<\/h4>\n<p>&#8222;Spokojnie&#8221; to spektakl prowokuj\u0105cy do zadania sobie pytania o miejsce sztuki we wsp\u00f3\u0142czesnym \u015bwiecie. Tre\u015b\u0107 sztuki nie jest jednoznaczna z jednej strony aktorzy eksponuj\u0105 prymitywny sylaboton d\u017awi\u0119k\u00f3w charakterystycznych dla simopat\u00f3w z drugiej za\u015b opowiadaj\u0105 o pa\u0144stwie totalitarnym &#8211; Anexii, gdzie wszystko poddane jest kontroli a ludzie poprzez zezwi\u0119rz\u0119cenie ograniczaj\u0105 si\u0119 do swego fizis w aspekcie seksualnym. Apokaliptyczna ko\u0144c\u00f3wka sztuki, przywodzi na my\u015bl orwellowski \u015bwiat pe\u0142en inwigilacji, przemocy i upadku moralnego.<\/p>\n<h4 class=\"spektakle\">Galeria<\/h4>\nngg_shortcode_0_placeholder\n<h4 class=\"spektakle\">Nagrody<\/h4>\n<p><strong>Wyr\u00f3\u017cnienie <\/strong><br \/>\n1997- Ciechan\u00f3w. V Og\u00f3lnopolski Festiwal Teatralny &#8222;DIONIZJE &#8217;97&#8221;<\/p>\n<p><strong>Nagroda za przejmuj\u0105cy skr\u00f3t sceniczny<\/strong><br \/>\n1997 &#8211; Rypin. Rypi\u0144ski O\u015brodek Kultury. XXIV RYPI\u0143SKA WIOSNA TEATRALNA.<\/p>\n<p><strong>Nagroda Grand Prix <\/strong><br \/>\n1997 &#8211; Nowa S\u00f3l. Nowosolski Dom Kultury &#8222;Panopticum&#8221;. WOJEW\u00d3DZKI PRZEGL\u0104D TEATR\u00d3W AMATORSKICH &#8211; WOPTA&#8217;97<\/p>\n<p><strong>III nagroda<\/strong><br \/>\n2010 \u2013 Krak\u00f3w. 4 Og\u00f3lnopolski Festiwal Teatr\u00f3w Studenckich i Niszowych \u2013 EPIZOD <\/p>\n<p><strong>I nagroda<\/strong><br \/>\n2010 \u2013 Cz\u0119stochowa. V Og\u00f3lnopolski Festiwal Teatr\u00f3w Ogr\u00f3dkowych w Alejach<\/p>\n<h4 class=\"spektakle\">Geneza<\/h4>\n<p>84 premiera Teatru TAQ, mia\u0142a miejsce 8 lutego 1997r., podczas II Festiwalu NASA w sali im. Ryszarda Cie\u015blaka, w Nowosolskim Domu Kultury &#8222;Panopticum&#8221; w Nowej Soli. Warstw\u0105 literack\u0105 do napisania scenariusza sztuki przez Edwarda Gramonta by\u0142y fragmenty z powie\u015bci Wiliama Burroghsa &#8222;Nagi lunch&#8221;<\/p>\n<h4 class=\"spektakle\">Aktorzy<\/h4>\n<p><strong>Obecny sk\u0142ad zespo\u0142u<\/strong><br \/>\nMagdalena Budzyniak<br \/>\nAdriana Bo\u015b<br \/>\nAgata Wojtkowiak<br \/>\nAgnieszka Ma\u0142ecka<br \/>\nCezary Molenda<br \/>\nKonrad Gramont<\/p>\n<p><strong>Pierwszy sk\u0142ad zespo\u0142u<\/strong><br \/>\nAgata Wojtkowiak<br \/>\nAgnieszka Ma\u0142ecka<br \/>\nTomasz Michniewicz<br \/>\nJakub Kapral<\/p>\n<h4 class=\"spektakle\">Kronika<\/h4>\n<p>Ilo\u015b\u0107 wystawie\u0144 sztuki: 42<\/p>\n<p><strong>Wa\u017cniejsze wystawienia sztuki: <\/strong><\/p>\n<li>3 maja 1997- Ciechan\u00f3w. V Og\u00f3lnopolski Festiwal Teatralny &#34;DIONIZJE &#39;97&#34;<\/li>\n<li>13 maja 1997- Zielona G\u00f3ra. Dom Kultury &#34;Mrowisko&#34;. Dni Kultury Studenckiej &#34;BACHANALIA&#34;<\/li>\n<li>16 maja 1997 &#8211; Rypin. Rypi\u0144ski O\u015brodek Kultury. XXIV RYPI\u0143SKA WIOSNA TEATRALNA.<\/li>\n<li>17 maja 1997 &#8211; Legionowo. Szko\u0142a Podstawowa nr 3. III LEGIONOWSKIE PREZENTACJE TEATRALNE &#8211; LUBY&#39;97<\/li>\n<li>7 czerwca 1997 &#8211; Nowa S\u00f3l. Nowosolski Dom Kultury &#34;Panopticum&#34;. WOJEW\u00d3DZKI PRZEGL\u0104D TEATR\u00d3W AMATORSKICH &#8211; WOPTA&#39;97<\/li>\n<li>15 czerwca 1997 &#8211; Jelenia G\u00f3ra. Festiwal Sztuki M\u0142odych BOMBART&#39;97<\/li>\n<li>20 czerwca 1997 &#8211; D\u0119bno. D\u0119bnowski O\u015brodek Kultury. DNI D\u0118BNA<\/li>\n<li>13 sierpnia 1997 &#8211; Tomasz\u00f3w Mazowiecki. Amfiteatr<\/li>\n<li>14 sierpnia 1997 &#8211; Rzeczyca. Gminny O\u015brodek Kultury<\/li>\n<li>28 sierpnia 1997 &#8211; Ostrowiec \u015awi\u0119tokrzyski. Miejskie Centrum Kultury<\/li>\n<li>28 wrze\u015bnia 1997 &#8211; Nowa S\u00f3l. Nowosolski Dom Kultury &#34;Panopticum&#34;. II MEETING TEATR\u00d3W ALTERNATYWNYCH &#8211; META&#39;97<\/li>\n<li>2 pa\u017adziernika 1997 &#8211; Suwa\u0142ki. Izba Skarbowa. II SUWALSKIE EKSPLORACJE TEATRALNE &#8211; SET&#39;97<\/li>\n<li>25 pa\u017adziernika 1997 &#8211; Lublin. Centrum Kultury<\/li>\n<li>10 listopada 1997 &#8211; Nowa S\u00f3l. Nowosolski Dom Kultury &#34;Panopticum&#34;. Fina\u0142 XV TURNIEJU POETYCKIEGO O &#34;PIER\u015aCIE\u0143 KINGI&#34;<\/li>\n<li>22 listopada 1997 &#8211; K\u0142odzko. Centrum Edukacji Teatralnej. VII MI\u0118DZYNARODOWY FESTIWAL TEATRALNY &#8211; ZDERZENIE &#8211; THE CRASH<\/li>\n<li>12 grudnia 1997 &#8211; Gubin. Gubi\u0144ski Dom Kultury<\/li>\n<li>10 stycznia 1998 &#8211; Nowa S\u00f3l. Nowosolski Dom Kultury &#34;Panopticum&#34;. 22 URODZINY TEATRU TAQ<\/li>\n<li>22 stycznia 1998  &#8211; W\u0105growiec. I Liceum Og\u00f3lnokszta\u0142c\u0105ce<\/li>\n<li>7 lutego 1998 &#8211; Nowa S\u00f3l. Nowosolski Dom Kultury &#34;Panopticum&#34;. III FESTIWAL NASA<\/li>\n<li>17 stycznia 2009 &#8211; Nowa S\u00f3l. Teatr TERMINUS A QUO. 33 URODZINY TEATRU TAQ<\/li>\n<li>10 wrze\u015bnia 2009 &#8211; Nowa S\u00f3l. Teatr TERMINUS A QUO. Wizyta Thomasa Richardsa w TAQ<\/li>\n<li>22 listopada 2009 &#8211; Nowa S\u00f3l. Teatr TERMINUS A QUO. Meeting Teatr\u00f3w Interesuj\u0105cych &#8211; MIT 2009<\/li>\n<li>12 lutego 2010 &#8211; \u015awidnica. Teatr Miejski. \u015awidnicki O\u015brodek Kultury. VII FORUM TEATR\u00d3W NIEZALE\u017bNYCH \u201eTRANSFORMACJE\u201d<\/li>\n<li>27 marca 2010 &#8211; Krak\u00f3w. 4 Og\u00f3lnopolski Festiwal Teatr\u00f3w Studenckich i Niszowych \u2013 EPIZOD 2010<\/li>\n<li>8 sierpnia 2010 \u2013 Cz\u0119stochowa. Klub \u201eCARPE DIEM\u201d. V OG\u00d3LNOPOLSKI FESTIWAL TEATR\u00d3W OGR\u00d3DKOWYCH W ALEJACH<\/li>\n<li>5 wrze\u015bnia 2010 \u2013 Cz\u0119stochowa. Klub \u201eCARPE DIEM\u201d. V OG\u00d3LNOPOLSKI FESTIWAL TEATR\u00d3W OGR\u00d3DKOWYCH W ALEJACH (Gala po\u0142\u0105czona z wr\u0119czeniem nagr\u00f3d)<\/li>\n<li>17 pa\u017adziernika 2010 \u2013 Wroc\u0142aw. Centrum Kultury Wroc\u0142aw-Zach\u00f3d.<\/li>\n<li>II OG\u00d3LNOPOLSKIE PREZENTACJE TEATR\u00d3W AMATORSKICH \u2013 OPTA 2010<\/li>\n<li>27 listopada 2010 \u2013 Zielona G\u00f3ra. Piekarnia \u201eCICHA KOBIETA\u201d<\/li>\n<li>18 wrze\u015bnia 2011 &#8211; Drawsko Pomorskie. Poligon wojskowy<\/li>\n<li>27 listopada 2011- Lublin. Akademickie Centrum Kultury UMCS \u201eCHATKA \u017bAKA\u201d. VII Studencki Og\u00f3lnopolski Festiwal Teatralny \u201eKONTESTACJE\u201d<\/li>\n<li>3 marca 2012 \u2013 Nowa S\u00f3l. Teatr TERMINUS A QUO. 9 Og\u00f3lnopolski Konkurs Poetycki O STRZA\u0141\u0118 EROSA<\/li>\n<li>11 pa\u017adziernika 2012 \u2013 Zielona G\u00f3ra. Restauracja wegetaria\u0144ska \u201eZIELONA JAD\u0141ODAJNIA\u201d<\/li>\n<li>18 listopada 2012 &#8211; Nowa S\u00f3l. Teatr TERMINUS A QUO. 20 SPOTKANIE TEATRU OTWARTEGO \u2013 STO<\/li>\n<li>6 lipca 2013 &#8211; Nowa S\u00f3l. Teatr TERMINUS A QUO. LIPCOWA BURZA TEATRALNA<\/li>","protected":false},"excerpt":{"rendered":"<p>O spektaklu &#8222;Spokojnie&#8221; to spektakl prowokuj\u0105cy do zadania sobie pytania o miejsce sztuki we wsp\u00f3\u0142czesnym \u015bwiecie. Tre\u015b\u0107 sztuki nie jest jednoznaczna z jednej strony aktorzy eksponuj\u0105 prymitywny sylaboton d\u017awi\u0119k\u00f3w charakterystycznych dla simopat\u00f3w z drugiej za\u015b opowiadaj\u0105 o pa\u0144stwie totalitarnym &#8211; Anexii, gdzie wszystko poddane jest kontroli a ludzie poprzez zezwi\u0119rz\u0119cenie ograniczaj\u0105 si\u0119 do swego fizis [&hellip;]<\/p>","protected":false},"author":1,"featured_media":695,"comment_status":"closed","ping_status":"closed","sticky":false,"template":"","format":"standard","meta":{"ngg_post_thumbnail":0,"footnotes":""},"categories":[8,4],"tags":[],"class_list":["post-693","post","type-post","status-publish","format-standard","has-post-thumbnail","hentry","category-sceniczne","category-spektakle"],"blocksy_meta":[],"yoast_head":"<!-- This site is optimized with the Yoast SEO plugin v24.5 - https:\/\/yoast.com\/wordpress\/plugins\/seo\/ -->\n<title>Spokojnie - Sceniczne, Spektakle -<\/title>\n<meta name=\"robots\" content=\"index, follow, max-snippet:-1, max-image-preview:large, max-video-preview:-1\" \/>\n<link rel=\"canonical\" href=\"https:\/\/terminusaquo.eu\/teatr\/de\/spokojnie\/\" \/>\n<meta property=\"og:locale\" content=\"de_DE\" \/>\n<meta property=\"og:type\" content=\"article\" \/>\n<meta property=\"og:title\" content=\"Spokojnie - Sceniczne, Spektakle -\" \/>\n<meta property=\"og:description\" content=\"O spektaklu &#8222;Spokojnie&#8221; to spektakl prowokuj\u0105cy do zadania sobie pytania o miejsce sztuki we wsp\u00f3\u0142czesnym \u015bwiecie. Tre\u015b\u0107 sztuki nie jest jednoznaczna z jednej strony aktorzy eksponuj\u0105 prymitywny sylaboton d\u017awi\u0119k\u00f3w charakterystycznych dla simopat\u00f3w z drugiej za\u015b opowiadaj\u0105 o pa\u0144stwie totalitarnym &#8211; Anexii, gdzie wszystko poddane jest kontroli a ludzie poprzez zezwi\u0119rz\u0119cenie ograniczaj\u0105 si\u0119 do swego fizis [&hellip;]\" \/>\n<meta property=\"og:url\" content=\"https:\/\/terminusaquo.eu\/teatr\/de\/spokojnie\/\" \/>\n<meta property=\"og:site_name\" content=\"Teatr Terminus A Quo\" \/>\n<meta property=\"article:publisher\" content=\"https:\/\/www.facebook.com\/terminusaquo\" \/>\n<meta property=\"article:published_time\" content=\"2013-12-10T23:47:33+00:00\" \/>\n<meta property=\"article:modified_time\" content=\"2016-02-18T12:46:14+00:00\" \/>\n<meta property=\"og:image\" content=\"https:\/\/terminusaquo.eu\/teatr\/wp-content\/uploads\/2013\/12\/spokojnie.jpg\" \/>\n\t<meta property=\"og:image:width\" content=\"766\" \/>\n\t<meta property=\"og:image:height\" content=\"400\" \/>\n\t<meta property=\"og:image:type\" content=\"image\/jpeg\" \/>\n<meta name=\"author\" content=\"Teatr TAQ\" \/>\n<meta name=\"twitter:label1\" content=\"Verfasst von\" \/>\n\t<meta name=\"twitter:data1\" content=\"Teatr TAQ\" \/>\n\t<meta name=\"twitter:label2\" content=\"Gesch\u00e4tzte Lesezeit\" \/>\n\t<meta name=\"twitter:data2\" content=\"3\u00a0Minuten\" \/>\n<script type=\"application\/ld+json\" class=\"yoast-schema-graph\">{\"@context\":\"https:\/\/schema.org\",\"@graph\":[{\"@type\":\"Article\",\"@id\":\"https:\/\/terminusaquo.eu\/teatr\/spokojnie\/#article\",\"isPartOf\":{\"@id\":\"https:\/\/terminusaquo.eu\/teatr\/spokojnie\/\"},\"author\":{\"name\":\"Teatr TAQ\",\"@id\":\"https:\/\/terminusaquo.eu\/teatr\/#\/schema\/person\/76dc769bf2139b975dc161c0184732c0\"},\"headline\":\"Spokojnie\",\"datePublished\":\"2013-12-10T23:47:33+00:00\",\"dateModified\":\"2016-02-18T12:46:14+00:00\",\"mainEntityOfPage\":{\"@id\":\"https:\/\/terminusaquo.eu\/teatr\/spokojnie\/\"},\"wordCount\":685,\"publisher\":{\"@id\":\"https:\/\/terminusaquo.eu\/teatr\/#organization\"},\"image\":{\"@id\":\"https:\/\/terminusaquo.eu\/teatr\/spokojnie\/#primaryimage\"},\"thumbnailUrl\":\"https:\/\/terminusaquo.eu\/teatr\/wp-content\/uploads\/2013\/12\/spokojnie.jpg\",\"articleSection\":[\"Sceniczne\",\"Spektakle\"],\"inLanguage\":\"de\"},{\"@type\":\"WebPage\",\"@id\":\"https:\/\/terminusaquo.eu\/teatr\/spokojnie\/\",\"url\":\"https:\/\/terminusaquo.eu\/teatr\/spokojnie\/\",\"name\":\"Spokojnie - Sceniczne, Spektakle -\",\"isPartOf\":{\"@id\":\"https:\/\/terminusaquo.eu\/teatr\/#website\"},\"primaryImageOfPage\":{\"@id\":\"https:\/\/terminusaquo.eu\/teatr\/spokojnie\/#primaryimage\"},\"image\":{\"@id\":\"https:\/\/terminusaquo.eu\/teatr\/spokojnie\/#primaryimage\"},\"thumbnailUrl\":\"https:\/\/terminusaquo.eu\/teatr\/wp-content\/uploads\/2013\/12\/spokojnie.jpg\",\"datePublished\":\"2013-12-10T23:47:33+00:00\",\"dateModified\":\"2016-02-18T12:46:14+00:00\",\"breadcrumb\":{\"@id\":\"https:\/\/terminusaquo.eu\/teatr\/spokojnie\/#breadcrumb\"},\"inLanguage\":\"de\",\"potentialAction\":[{\"@type\":\"ReadAction\",\"target\":[\"https:\/\/terminusaquo.eu\/teatr\/spokojnie\/\"]}]},{\"@type\":\"ImageObject\",\"inLanguage\":\"de\",\"@id\":\"https:\/\/terminusaquo.eu\/teatr\/spokojnie\/#primaryimage\",\"url\":\"https:\/\/terminusaquo.eu\/teatr\/wp-content\/uploads\/2013\/12\/spokojnie.jpg\",\"contentUrl\":\"https:\/\/terminusaquo.eu\/teatr\/wp-content\/uploads\/2013\/12\/spokojnie.jpg\",\"width\":766,\"height\":400,\"caption\":\"spokojnie\"},{\"@type\":\"BreadcrumbList\",\"@id\":\"https:\/\/terminusaquo.eu\/teatr\/spokojnie\/#breadcrumb\",\"itemListElement\":[{\"@type\":\"ListItem\",\"position\":1,\"name\":\"Teatr TAQ\",\"item\":\"https:\/\/terminusaquo.eu\/teatr\/\"},{\"@type\":\"ListItem\",\"position\":2,\"name\":\"Spektakle\",\"item\":\"https:\/\/terminusaquo.eu\/teatr\/spektakle\/\"},{\"@type\":\"ListItem\",\"position\":3,\"name\":\"Sceniczne\",\"item\":\"https:\/\/terminusaquo.eu\/teatr\/spektakle\/sceniczne\/\"},{\"@type\":\"ListItem\",\"position\":4,\"name\":\"Spokojnie\"}]},{\"@type\":\"WebSite\",\"@id\":\"https:\/\/terminusaquo.eu\/teatr\/#website\",\"url\":\"https:\/\/terminusaquo.eu\/teatr\/\",\"name\":\"Teatr Terminus A Quo\",\"description\":\"\",\"publisher\":{\"@id\":\"https:\/\/terminusaquo.eu\/teatr\/#organization\"},\"potentialAction\":[{\"@type\":\"SearchAction\",\"target\":{\"@type\":\"EntryPoint\",\"urlTemplate\":\"https:\/\/terminusaquo.eu\/teatr\/?s={search_term_string}\"},\"query-input\":{\"@type\":\"PropertyValueSpecification\",\"valueRequired\":true,\"valueName\":\"search_term_string\"}}],\"inLanguage\":\"de\"},{\"@type\":\"Organization\",\"@id\":\"https:\/\/terminusaquo.eu\/teatr\/#organization\",\"name\":\"Teatr Terminus A Quo\",\"url\":\"https:\/\/terminusaquo.eu\/teatr\/\",\"logo\":{\"@type\":\"ImageObject\",\"inLanguage\":\"de\",\"@id\":\"https:\/\/terminusaquo.eu\/teatr\/#\/schema\/logo\/image\/\",\"url\":\"https:\/\/terminusaquo.eu\/teatr\/wp-content\/uploads\/2013\/08\/cropped-taq-news-logo.png\",\"contentUrl\":\"https:\/\/terminusaquo.eu\/teatr\/wp-content\/uploads\/2013\/08\/cropped-taq-news-logo.png\",\"width\":233,\"height\":238,\"caption\":\"Teatr Terminus A Quo\"},\"image\":{\"@id\":\"https:\/\/terminusaquo.eu\/teatr\/#\/schema\/logo\/image\/\"},\"sameAs\":[\"https:\/\/www.facebook.com\/terminusaquo\"]},{\"@type\":\"Person\",\"@id\":\"https:\/\/terminusaquo.eu\/teatr\/#\/schema\/person\/76dc769bf2139b975dc161c0184732c0\",\"name\":\"Teatr TAQ\",\"image\":{\"@type\":\"ImageObject\",\"inLanguage\":\"de\",\"@id\":\"https:\/\/terminusaquo.eu\/teatr\/#\/schema\/person\/image\/\",\"url\":\"https:\/\/secure.gravatar.com\/avatar\/2ab5fc173a67d7214d768b697dbbe2b6a8e725bfc11a7dd8377e4b5213b79fb4?s=96&d=mm&r=g\",\"contentUrl\":\"https:\/\/secure.gravatar.com\/avatar\/2ab5fc173a67d7214d768b697dbbe2b6a8e725bfc11a7dd8377e4b5213b79fb4?s=96&d=mm&r=g\",\"caption\":\"Teatr TAQ\"}}]}<\/script>\n<!-- \/ Yoast SEO plugin. -->","yoast_head_json":{"title":"Spokojnie - Sceniczne, Spektakle -","robots":{"index":"index","follow":"follow","max-snippet":"max-snippet:-1","max-image-preview":"max-image-preview:large","max-video-preview":"max-video-preview:-1"},"canonical":"https:\/\/terminusaquo.eu\/teatr\/de\/spokojnie\/","og_locale":"de_DE","og_type":"article","og_title":"Spokojnie - Sceniczne, Spektakle -","og_description":"O spektaklu &#8222;Spokojnie&#8221; to spektakl prowokuj\u0105cy do zadania sobie pytania o miejsce sztuki we wsp\u00f3\u0142czesnym \u015bwiecie. Tre\u015b\u0107 sztuki nie jest jednoznaczna z jednej strony aktorzy eksponuj\u0105 prymitywny sylaboton d\u017awi\u0119k\u00f3w charakterystycznych dla simopat\u00f3w z drugiej za\u015b opowiadaj\u0105 o pa\u0144stwie totalitarnym &#8211; Anexii, gdzie wszystko poddane jest kontroli a ludzie poprzez zezwi\u0119rz\u0119cenie ograniczaj\u0105 si\u0119 do swego fizis [&hellip;]","og_url":"https:\/\/terminusaquo.eu\/teatr\/de\/spokojnie\/","og_site_name":"Teatr Terminus A Quo","article_publisher":"https:\/\/www.facebook.com\/terminusaquo","article_published_time":"2013-12-10T23:47:33+00:00","article_modified_time":"2016-02-18T12:46:14+00:00","og_image":[{"width":766,"height":400,"url":"https:\/\/terminusaquo.eu\/teatr\/wp-content\/uploads\/2013\/12\/spokojnie.jpg","type":"image\/jpeg"}],"author":"Teatr TAQ","twitter_misc":{"Verfasst von":"Teatr TAQ","Gesch\u00e4tzte Lesezeit":"3\u00a0Minuten"},"schema":{"@context":"https:\/\/schema.org","@graph":[{"@type":"Article","@id":"https:\/\/terminusaquo.eu\/teatr\/spokojnie\/#article","isPartOf":{"@id":"https:\/\/terminusaquo.eu\/teatr\/spokojnie\/"},"author":{"name":"Teatr TAQ","@id":"https:\/\/terminusaquo.eu\/teatr\/#\/schema\/person\/76dc769bf2139b975dc161c0184732c0"},"headline":"Spokojnie","datePublished":"2013-12-10T23:47:33+00:00","dateModified":"2016-02-18T12:46:14+00:00","mainEntityOfPage":{"@id":"https:\/\/terminusaquo.eu\/teatr\/spokojnie\/"},"wordCount":685,"publisher":{"@id":"https:\/\/terminusaquo.eu\/teatr\/#organization"},"image":{"@id":"https:\/\/terminusaquo.eu\/teatr\/spokojnie\/#primaryimage"},"thumbnailUrl":"https:\/\/terminusaquo.eu\/teatr\/wp-content\/uploads\/2013\/12\/spokojnie.jpg","articleSection":["Sceniczne","Spektakle"],"inLanguage":"de"},{"@type":"WebPage","@id":"https:\/\/terminusaquo.eu\/teatr\/spokojnie\/","url":"https:\/\/terminusaquo.eu\/teatr\/spokojnie\/","name":"Spokojnie - Sceniczne, Spektakle -","isPartOf":{"@id":"https:\/\/terminusaquo.eu\/teatr\/#website"},"primaryImageOfPage":{"@id":"https:\/\/terminusaquo.eu\/teatr\/spokojnie\/#primaryimage"},"image":{"@id":"https:\/\/terminusaquo.eu\/teatr\/spokojnie\/#primaryimage"},"thumbnailUrl":"https:\/\/terminusaquo.eu\/teatr\/wp-content\/uploads\/2013\/12\/spokojnie.jpg","datePublished":"2013-12-10T23:47:33+00:00","dateModified":"2016-02-18T12:46:14+00:00","breadcrumb":{"@id":"https:\/\/terminusaquo.eu\/teatr\/spokojnie\/#breadcrumb"},"inLanguage":"de","potentialAction":[{"@type":"ReadAction","target":["https:\/\/terminusaquo.eu\/teatr\/spokojnie\/"]}]},{"@type":"ImageObject","inLanguage":"de","@id":"https:\/\/terminusaquo.eu\/teatr\/spokojnie\/#primaryimage","url":"https:\/\/terminusaquo.eu\/teatr\/wp-content\/uploads\/2013\/12\/spokojnie.jpg","contentUrl":"https:\/\/terminusaquo.eu\/teatr\/wp-content\/uploads\/2013\/12\/spokojnie.jpg","width":766,"height":400,"caption":"spokojnie"},{"@type":"BreadcrumbList","@id":"https:\/\/terminusaquo.eu\/teatr\/spokojnie\/#breadcrumb","itemListElement":[{"@type":"ListItem","position":1,"name":"Teatr TAQ","item":"https:\/\/terminusaquo.eu\/teatr\/"},{"@type":"ListItem","position":2,"name":"Spektakle","item":"https:\/\/terminusaquo.eu\/teatr\/spektakle\/"},{"@type":"ListItem","position":3,"name":"Sceniczne","item":"https:\/\/terminusaquo.eu\/teatr\/spektakle\/sceniczne\/"},{"@type":"ListItem","position":4,"name":"Spokojnie"}]},{"@type":"WebSite","@id":"https:\/\/terminusaquo.eu\/teatr\/#website","url":"https:\/\/terminusaquo.eu\/teatr\/","name":"Teatr Terminus A Quo","description":"","publisher":{"@id":"https:\/\/terminusaquo.eu\/teatr\/#organization"},"potentialAction":[{"@type":"SearchAction","target":{"@type":"EntryPoint","urlTemplate":"https:\/\/terminusaquo.eu\/teatr\/?s={search_term_string}"},"query-input":{"@type":"PropertyValueSpecification","valueRequired":true,"valueName":"search_term_string"}}],"inLanguage":"de"},{"@type":"Organization","@id":"https:\/\/terminusaquo.eu\/teatr\/#organization","name":"Teatr Terminus A Quo","url":"https:\/\/terminusaquo.eu\/teatr\/","logo":{"@type":"ImageObject","inLanguage":"de","@id":"https:\/\/terminusaquo.eu\/teatr\/#\/schema\/logo\/image\/","url":"https:\/\/terminusaquo.eu\/teatr\/wp-content\/uploads\/2013\/08\/cropped-taq-news-logo.png","contentUrl":"https:\/\/terminusaquo.eu\/teatr\/wp-content\/uploads\/2013\/08\/cropped-taq-news-logo.png","width":233,"height":238,"caption":"Teatr Terminus A Quo"},"image":{"@id":"https:\/\/terminusaquo.eu\/teatr\/#\/schema\/logo\/image\/"},"sameAs":["https:\/\/www.facebook.com\/terminusaquo"]},{"@type":"Person","@id":"https:\/\/terminusaquo.eu\/teatr\/#\/schema\/person\/76dc769bf2139b975dc161c0184732c0","name":"Teatr TAQ","image":{"@type":"ImageObject","inLanguage":"de","@id":"https:\/\/terminusaquo.eu\/teatr\/#\/schema\/person\/image\/","url":"https:\/\/secure.gravatar.com\/avatar\/2ab5fc173a67d7214d768b697dbbe2b6a8e725bfc11a7dd8377e4b5213b79fb4?s=96&d=mm&r=g","contentUrl":"https:\/\/secure.gravatar.com\/avatar\/2ab5fc173a67d7214d768b697dbbe2b6a8e725bfc11a7dd8377e4b5213b79fb4?s=96&d=mm&r=g","caption":"Teatr TAQ"}}]}},"_links":{"self":[{"href":"http:\/\/terminusaquo.eu\/teatr\/de\/wp-json\/wp\/v2\/posts\/693","targetHints":{"allow":["GET"]}}],"collection":[{"href":"http:\/\/terminusaquo.eu\/teatr\/de\/wp-json\/wp\/v2\/posts"}],"about":[{"href":"http:\/\/terminusaquo.eu\/teatr\/de\/wp-json\/wp\/v2\/types\/post"}],"author":[{"embeddable":true,"href":"http:\/\/terminusaquo.eu\/teatr\/de\/wp-json\/wp\/v2\/users\/1"}],"replies":[{"embeddable":true,"href":"http:\/\/terminusaquo.eu\/teatr\/de\/wp-json\/wp\/v2\/comments?post=693"}],"version-history":[{"count":0,"href":"http:\/\/terminusaquo.eu\/teatr\/de\/wp-json\/wp\/v2\/posts\/693\/revisions"}],"wp:featuredmedia":[{"embeddable":true,"href":"http:\/\/terminusaquo.eu\/teatr\/de\/wp-json\/wp\/v2\/media\/695"}],"wp:attachment":[{"href":"http:\/\/terminusaquo.eu\/teatr\/de\/wp-json\/wp\/v2\/media?parent=693"}],"wp:term":[{"taxonomy":"category","embeddable":true,"href":"http:\/\/terminusaquo.eu\/teatr\/de\/wp-json\/wp\/v2\/categories?post=693"},{"taxonomy":"post_tag","embeddable":true,"href":"http:\/\/terminusaquo.eu\/teatr\/de\/wp-json\/wp\/v2\/tags?post=693"}],"curies":[{"name":"wp","href":"https:\/\/api.w.org\/{rel}","templated":true}]}}