{"id":7,"date":"2012-08-28T13:27:55","date_gmt":"2012-08-28T11:27:55","guid":{"rendered":"http:\/\/terminusaquo.eu\/teatr\/kraina-uludy\/"},"modified":"2023-06-29T21:34:44","modified_gmt":"2023-06-29T19:34:44","slug":"kraina-uludy","status":"publish","type":"post","link":"http:\/\/terminusaquo.eu\/teatr\/de\/kraina-uludy\/","title":{"rendered":"Kraina U\u0142udy"},"content":{"rendered":"<h4 class=\"spektakle\">O spektaklu<\/h4>\n<p>\u201eKraina u\u0142udy\u201d Teatru TAQ to widowisko plenerowe nawi\u0105zuj\u0105ce bezpo\u015brednio do przyg\u00f3d b\u0142\u0119dnego rycerza z La Manczy. Przygody rycerza s\u0105 powszechnie znane i wci\u0105\u017c aktualnie, bowiem nawi\u0105zuj\u0105 do r\u00f3\u017cnych sytuacji \u017cyciowych. Jest wi\u0119c w przedstawieniu kilka scen, kt\u00f3rych nie ma w pierwowzorze literackim ale klimatem i nastrojem doskonale wkomponowuj\u0105 si\u0119 w my\u015bl Cervantesa.<\/p>\n<p>Posta\u0107 don Kichota wykreowana przez Cezarego Molend\u0119 jest barwna, a jednocze\u015bnie tragiczna i prze\u015bmiewcza, zawieraj\u0105ca w sobie wszystkie cechy cz\u0142owieka, szlachetnie urodzonego, ale jednocze\u015bnie te\u017c wizjonera i niegro\u017anego szale\u0144ca. Jego poczynania odbierane przez obserwator\u00f3w traktowane s\u0105 z dystansem i przymru\u017ceniem oka. Partneruje mu r\u00f3wnie komiczna i prze\u015bmiewcza posta\u0107 Sancho Pansy, kt\u00f3ra pr\u00f3buje spe\u0142ni\u0107 wszystkie zachcianki swego pana ale poprzez chaotyczn\u0105 komiczno\u015b\u0107 swoich poczyna\u0144, tworzy jeszcze jeden punkt nieopisanego harmideru. W roli tej doskonale wypada Konrad Gramont. Ten duet uzupe\u0142nia niewiarygodnie malownicza Dulcynea, w kt\u00f3r\u0105 wciela si\u0119 Ada Bednarek.<\/p>\n<p>Jednym s\u0142owem \u201eKraina u\u0142udy\u201d to dobra zabawa dla ka\u017cdej grupy wiekowej.<\/p>\n<h4 class=\"spektakle\">Galeria<\/h4>\n<p>Wkr\u00f3tce.<\/p>\n<h4 class=\"spektakle\">Geneza<\/h4>\n<p>209 Premiera Teatru TAQ, mia\u0142a miejsce 26 czerwca 2011 roku na dziedzi\u0144cu zamku Bolk\u00f3w w Bolkowie podczas DNI KULTURY RYCERSKIEJ. Autorem zamierzenia scenicznego by\u0142 Edward Gramont, kt\u00f3remu towarzyszyli w procesie tworzenia Cezary Molenda i Konrad Gramont.<\/p>\n<h4 class=\"spektakle\">Aktorzy<\/h4>\n<p><strong>Obecny sk\u0142ad zespo\u0142u<\/strong><br \/>\nCezary Molenda \u2013 Don Quijote<br \/>\nKonrad Gramont \u2013 Sancho Pansa<br \/>\nAda Bednarek \u2013 Dulcynea<\/p>\n<p>Natanael Gramont, Ania Milchenko, Emilia Ka\u0142uska, Robert Kurek, Micha\u0142 Bonicki, Magdalena Budzyniak, Eliasz Gramont, Marta Gramont.<\/p>\n<h4 class=\"spektakle\">Kronika<\/h4>\n<p>Ilo\u015b\u0107 wystawie\u0144 sztuki: 35<\/p>\n<p><strong>Wa\u017cniejsze wystawienia sztuki: <\/strong><\/p>\n<ul>\n<li>24 lipca 2011 \u2013 My\u015blib\u00f3rz. Rynek. XI FESTIWAL MA\u0141YCH FORM TEATRALNYCH I KABARETOWYCH<\/li>\n<li>26 sierpnia 2011 \u2013 \u017bary. Rynek. MI\u0118DZYNARODOWE PLENEROWE SPOTKANIA ZE SZTUK\u0104<\/li>\n<li>28 sierpnia 2011 \u2013 Ko\u017cuch\u00f3w. Stadion Sportowy. Do\u017cynki Gminne<\/li>\n<li>16 wrze\u015bnia 2011 \u2013 Zielona G\u00f3ra. Stary Rynek. DNI ZIELONEJ G\u00d3RY &#8211; WINOBRANIE<\/li>\n<li>24 wrze\u015bnia 2011 \u2013 Nowa S\u00f3l. Park ODRY. X \u015aWIATOWY PROGRAM \u201eSCHIZOFRENIA OTW\u00d3RZCIE DRZWI\u201d &#8211; Inauguracja 36 sezonu teatralnego Teatru TAQ<\/li>\n<li>12 maja 2012 \u2013 Gniezno. Rynek. Kr\u00f3lewski Festiwal Artystyczny<\/li>\n<li>18 maja 2012 \u2013 Mogilno. Park Miejski. NOC W MUZEUM \u2013 PODR\u00d3\u017b TEATRALNA<\/li>\n<li>26 maja 2012 \u2013 Zielona G\u00f3ra. Gimnazjum nr 8<\/li>\n<li>7 lipca 2012 \u2013 Jedlina Zdr\u00f3j. O\u015brodek Sportowo Rekreacyjny. XX MI\u0118DZYNARODOWY FESTIWAL TEATR\u00d3W ULICZNYCH<\/li>\n<li>8 Lipca 2012 \u2013 \u015awidnica. Rynek. XV FESTIWAL TEATRU OTWARTEGO<\/li>\n<li>11 maja 2013 \u2013 Siedlisko. Zamek w Siedlisku. \u015aWI\u0118TO BZ\u00d3W<\/li>\n<li>22 czerwca 2013 \u2013 Lgi\u0144. Pla\u017ca nad Jeziorem Lgi\u0144sko. NOC \u015aWI\u0118TOJA\u0143SKA<\/li>\n<li>23 czerwca 2013 \u2013 Nowa S\u00f3l. Harcerska G\u00f3rka. II FESTIWAL SZTUKI LUDOWEJ I JAD\u0141A REGIONALNEGO \u2013 CEPELIADA<\/li>\n<li>1 sierpnia 2013 \u2013 Kostrzyn nad Odr\u0105. Plac Wojska Polskiego. XIX PRZYSTANEK WOODSTOCK<\/li>\n<li>15 maja 2014 \u2013 \u015awiebodzin. Rynek. NOC W MUZEUM<\/li>\n<li>22 czerwca 2014 &#8211; Krosno Odrza\u0144skie. Ulica S\u0142oneczna. RYBOBRANIE. FESTIWAL SZTUKI ULICZNEJ \u2013 KROSNO STREET ART<\/li>\n<li>12 lipca 2014 &#8211; Olecko.Plac Wolno\u015bci.IV OLECKI FESTIWAL TEATR\u00d3W AMATORSKICH \u2013 CHIMERA<\/li>\n<li>9 sierpnia 2014 \u2013 Jod\u0142\u00f3w. Plac przy \u015bwietlicy wiejskiej. DZIE\u0143 JOD\u0141OWA<\/li>\n<li>30 sierpnia 2014 \u2013 Lubart\u00f3w. Plac przed Pa\u0142acem. L&#8217;ART \u2013 FESTIWAL SZTUKI<\/li>\n<li>22 maja 2015 \u2013 Szyd\u0142owiec. Dziedziniec zamkowy. Szyd\u0142owieckie Centrum Kultury \u201eZAMEK\u201d. XX ZAMKOWE SPOTKANIA TEATRALNE O LAUR \u201eZ\u0141OTEGO GARGULCA\u201d<\/li>\n<li>29 sierpnia 2015 \u2013 Zielona G\u00f3ra. Plac Bohater\u00f3w. Z PSAMI POD PALMAMI impreza charytatywna organizowana na rzecz Schroniska dla zwierz\u0105t<\/li>\n<li>23 lipca 2016 \u2013 Inow\u0142\u00f3dz. Dziedziniec zamku Kazimierza Wielkiego. Gminne Centrum Kultury ZAMEK. XVI FESTIWAL W KRAJOBRAZIE<\/li>\n<li>27 sierpnia 2016 \u2013 Bukowiec, pow. Mi\u0119dzyrzecz. Teren Szko\u0142y Podstawowej. DO\u017bYNKI GMINNE<\/li>\n<li>13 maja 2017 \u2013 Bytom Odrza\u0144ski. Rynek. \u015aWI\u0118TO BZ\u00d3W<\/li>\n<li>20 maja 2017 \u2013 Zielona G\u00f3ra. Muzeum Ziemi Lubuskiej. HISZPA\u0143SKA NOC W MUZEUM<\/li>\n<li>11 sierpnia 2017 \u2013 Lubasz. Amfiteatr. Gminny O\u015brodek Kultury. DNI LUBASZA<\/li>\n<li>17 sierpnia 2017 \u2013 Kostrzyn Wielkopolski. Rynek. MALINOWE LATO<\/li>\n<li>29 czerwca 2018 &#8211; Che\u0142m. Parking Che\u0142mskiego Domu Kultury. II OG\u00d3LNOPOLSKI FESTIWAL TEATR\u00d3W ALTERNATYWNYCH \u201eHESPERIA\u201d im. CZES\u0141AWA DOPIERALSKIEGO<\/li>\n<li>8 wrze\u015bnia 2018 \u2013 Drawsko Pomorskie. Plac Kuczerawego. 6. DRAWSKI FESTIWAL SZTUK ALTERNATYWNYCH \u201eSZTUKATERIE\u201d<\/li>\n<li>23 maja 2021 \u2013 Siedlisko. Wzg\u00f3rze Adelajdy. \u015aWI\u0118TO BZ\u00d3W<\/li>\n<li>4 lipca 2021 \u2013 G\u0142og\u00f3w. Dziedziniec przed Teatrem im. Andreasa Gryphiusa<\/li>\n<li>1 sierpnia 2021 \u2013 Gu\u0142towy. Ulica Pa\u0142acowa<\/li>\n<li>13 sierpnia 2021 \u2013 Z\u0105bkowice \u015al\u0105skie. Rynek<\/li>\n<li>12 sierpnia 2022 \u2013 \u017bary. Rynek<\/li>\n<\/ul>","protected":false},"excerpt":{"rendered":"<p>O spektaklu \u201eKraina u\u0142udy\u201d Teatru TAQ to widowisko plenerowe nawi\u0105zuj\u0105ce bezpo\u015brednio do przyg\u00f3d b\u0142\u0119dnego rycerza z La Manczy. Przygody rycerza s\u0105 powszechnie znane i wci\u0105\u017c aktualnie, bowiem nawi\u0105zuj\u0105 do r\u00f3\u017cnych sytuacji \u017cyciowych. Jest wi\u0119c w przedstawieniu kilka scen, kt\u00f3rych nie ma w pierwowzorze literackim ale klimatem i nastrojem doskonale wkomponowuj\u0105 si\u0119 w my\u015bl Cervantesa. Posta\u0107 [&hellip;]<\/p>","protected":false},"author":1,"featured_media":256,"comment_status":"open","ping_status":"open","sticky":false,"template":"","format":"standard","meta":{"ngg_post_thumbnail":0,"footnotes":""},"categories":[6,4],"tags":[],"class_list":["post-7","post","type-post","status-publish","format-standard","has-post-thumbnail","hentry","category-plenerowe","category-spektakle"],"blocksy_meta":[],"yoast_head":"<!-- This site is optimized with the Yoast SEO plugin v24.5 - https:\/\/yoast.com\/wordpress\/plugins\/seo\/ -->\n<title>Kraina U\u0142udy - Plenerowe, Spektakle -<\/title>\n<meta name=\"robots\" content=\"index, follow, max-snippet:-1, max-image-preview:large, max-video-preview:-1\" \/>\n<link rel=\"canonical\" href=\"https:\/\/terminusaquo.eu\/teatr\/de\/kraina-uludy\/\" \/>\n<meta property=\"og:locale\" content=\"de_DE\" \/>\n<meta property=\"og:type\" content=\"article\" \/>\n<meta property=\"og:title\" content=\"Kraina U\u0142udy - Plenerowe, Spektakle -\" \/>\n<meta property=\"og:description\" content=\"O spektaklu \u201eKraina u\u0142udy\u201d Teatru TAQ to widowisko plenerowe nawi\u0105zuj\u0105ce bezpo\u015brednio do przyg\u00f3d b\u0142\u0119dnego rycerza z La Manczy. Przygody rycerza s\u0105 powszechnie znane i wci\u0105\u017c aktualnie, bowiem nawi\u0105zuj\u0105 do r\u00f3\u017cnych sytuacji \u017cyciowych. Jest wi\u0119c w przedstawieniu kilka scen, kt\u00f3rych nie ma w pierwowzorze literackim ale klimatem i nastrojem doskonale wkomponowuj\u0105 si\u0119 w my\u015bl Cervantesa. Posta\u0107 [&hellip;]\" \/>\n<meta property=\"og:url\" content=\"https:\/\/terminusaquo.eu\/teatr\/de\/kraina-uludy\/\" \/>\n<meta property=\"og:site_name\" content=\"Teatr Terminus A Quo\" \/>\n<meta property=\"article:publisher\" content=\"https:\/\/www.facebook.com\/terminusaquo\" \/>\n<meta property=\"article:published_time\" content=\"2012-08-28T11:27:55+00:00\" \/>\n<meta property=\"article:modified_time\" content=\"2023-06-29T19:34:44+00:00\" \/>\n<meta property=\"og:image\" content=\"https:\/\/terminusaquo.eu\/teatr\/wp-content\/uploads\/2012\/08\/Kraina-Uludy.jpg\" \/>\n\t<meta property=\"og:image:width\" content=\"1280\" \/>\n\t<meta property=\"og:image:height\" content=\"848\" \/>\n\t<meta property=\"og:image:type\" content=\"image\/jpeg\" \/>\n<meta name=\"author\" content=\"Teatr TAQ\" \/>\n<meta name=\"twitter:label1\" content=\"Verfasst von\" \/>\n\t<meta name=\"twitter:data1\" content=\"Teatr TAQ\" \/>\n\t<meta name=\"twitter:label2\" content=\"Gesch\u00e4tzte Lesezeit\" \/>\n\t<meta name=\"twitter:data2\" content=\"4\u00a0Minuten\" \/>\n<script type=\"application\/ld+json\" class=\"yoast-schema-graph\">{\"@context\":\"https:\/\/schema.org\",\"@graph\":[{\"@type\":\"Article\",\"@id\":\"https:\/\/terminusaquo.eu\/teatr\/kraina-uludy\/#article\",\"isPartOf\":{\"@id\":\"https:\/\/terminusaquo.eu\/teatr\/kraina-uludy\/\"},\"author\":{\"name\":\"Teatr TAQ\",\"@id\":\"https:\/\/terminusaquo.eu\/teatr\/#\/schema\/person\/76dc769bf2139b975dc161c0184732c0\"},\"headline\":\"Kraina U\u0142udy\",\"datePublished\":\"2012-08-28T11:27:55+00:00\",\"dateModified\":\"2023-06-29T19:34:44+00:00\",\"mainEntityOfPage\":{\"@id\":\"https:\/\/terminusaquo.eu\/teatr\/kraina-uludy\/\"},\"wordCount\":647,\"commentCount\":0,\"publisher\":{\"@id\":\"https:\/\/terminusaquo.eu\/teatr\/#organization\"},\"image\":{\"@id\":\"https:\/\/terminusaquo.eu\/teatr\/kraina-uludy\/#primaryimage\"},\"thumbnailUrl\":\"https:\/\/terminusaquo.eu\/teatr\/wp-content\/uploads\/2012\/08\/Kraina-Uludy.jpg\",\"articleSection\":[\"Plenerowe\",\"Spektakle\"],\"inLanguage\":\"de\",\"potentialAction\":[{\"@type\":\"CommentAction\",\"name\":\"Comment\",\"target\":[\"https:\/\/terminusaquo.eu\/teatr\/kraina-uludy\/#respond\"]}]},{\"@type\":\"WebPage\",\"@id\":\"https:\/\/terminusaquo.eu\/teatr\/kraina-uludy\/\",\"url\":\"https:\/\/terminusaquo.eu\/teatr\/kraina-uludy\/\",\"name\":\"Kraina U\u0142udy - Plenerowe, Spektakle -\",\"isPartOf\":{\"@id\":\"https:\/\/terminusaquo.eu\/teatr\/#website\"},\"primaryImageOfPage\":{\"@id\":\"https:\/\/terminusaquo.eu\/teatr\/kraina-uludy\/#primaryimage\"},\"image\":{\"@id\":\"https:\/\/terminusaquo.eu\/teatr\/kraina-uludy\/#primaryimage\"},\"thumbnailUrl\":\"https:\/\/terminusaquo.eu\/teatr\/wp-content\/uploads\/2012\/08\/Kraina-Uludy.jpg\",\"datePublished\":\"2012-08-28T11:27:55+00:00\",\"dateModified\":\"2023-06-29T19:34:44+00:00\",\"breadcrumb\":{\"@id\":\"https:\/\/terminusaquo.eu\/teatr\/kraina-uludy\/#breadcrumb\"},\"inLanguage\":\"de\",\"potentialAction\":[{\"@type\":\"ReadAction\",\"target\":[\"https:\/\/terminusaquo.eu\/teatr\/kraina-uludy\/\"]}]},{\"@type\":\"ImageObject\",\"inLanguage\":\"de\",\"@id\":\"https:\/\/terminusaquo.eu\/teatr\/kraina-uludy\/#primaryimage\",\"url\":\"https:\/\/terminusaquo.eu\/teatr\/wp-content\/uploads\/2012\/08\/Kraina-Uludy.jpg\",\"contentUrl\":\"https:\/\/terminusaquo.eu\/teatr\/wp-content\/uploads\/2012\/08\/Kraina-Uludy.jpg\",\"width\":1280,\"height\":848,\"caption\":\"Kraina Uludy\"},{\"@type\":\"BreadcrumbList\",\"@id\":\"https:\/\/terminusaquo.eu\/teatr\/kraina-uludy\/#breadcrumb\",\"itemListElement\":[{\"@type\":\"ListItem\",\"position\":1,\"name\":\"Teatr TAQ\",\"item\":\"https:\/\/terminusaquo.eu\/teatr\/\"},{\"@type\":\"ListItem\",\"position\":2,\"name\":\"Spektakle\",\"item\":\"https:\/\/terminusaquo.eu\/teatr\/spektakle\/\"},{\"@type\":\"ListItem\",\"position\":3,\"name\":\"Plenerowe\",\"item\":\"https:\/\/terminusaquo.eu\/teatr\/spektakle\/plenerowe\/\"},{\"@type\":\"ListItem\",\"position\":4,\"name\":\"Kraina U\u0142udy\"}]},{\"@type\":\"WebSite\",\"@id\":\"https:\/\/terminusaquo.eu\/teatr\/#website\",\"url\":\"https:\/\/terminusaquo.eu\/teatr\/\",\"name\":\"Teatr Terminus A Quo\",\"description\":\"\",\"publisher\":{\"@id\":\"https:\/\/terminusaquo.eu\/teatr\/#organization\"},\"potentialAction\":[{\"@type\":\"SearchAction\",\"target\":{\"@type\":\"EntryPoint\",\"urlTemplate\":\"https:\/\/terminusaquo.eu\/teatr\/?s={search_term_string}\"},\"query-input\":{\"@type\":\"PropertyValueSpecification\",\"valueRequired\":true,\"valueName\":\"search_term_string\"}}],\"inLanguage\":\"de\"},{\"@type\":\"Organization\",\"@id\":\"https:\/\/terminusaquo.eu\/teatr\/#organization\",\"name\":\"Teatr Terminus A Quo\",\"url\":\"https:\/\/terminusaquo.eu\/teatr\/\",\"logo\":{\"@type\":\"ImageObject\",\"inLanguage\":\"de\",\"@id\":\"https:\/\/terminusaquo.eu\/teatr\/#\/schema\/logo\/image\/\",\"url\":\"https:\/\/terminusaquo.eu\/teatr\/wp-content\/uploads\/2013\/08\/cropped-taq-news-logo.png\",\"contentUrl\":\"https:\/\/terminusaquo.eu\/teatr\/wp-content\/uploads\/2013\/08\/cropped-taq-news-logo.png\",\"width\":233,\"height\":238,\"caption\":\"Teatr Terminus A Quo\"},\"image\":{\"@id\":\"https:\/\/terminusaquo.eu\/teatr\/#\/schema\/logo\/image\/\"},\"sameAs\":[\"https:\/\/www.facebook.com\/terminusaquo\"]},{\"@type\":\"Person\",\"@id\":\"https:\/\/terminusaquo.eu\/teatr\/#\/schema\/person\/76dc769bf2139b975dc161c0184732c0\",\"name\":\"Teatr TAQ\",\"image\":{\"@type\":\"ImageObject\",\"inLanguage\":\"de\",\"@id\":\"https:\/\/terminusaquo.eu\/teatr\/#\/schema\/person\/image\/\",\"url\":\"https:\/\/secure.gravatar.com\/avatar\/2ab5fc173a67d7214d768b697dbbe2b6a8e725bfc11a7dd8377e4b5213b79fb4?s=96&d=mm&r=g\",\"contentUrl\":\"https:\/\/secure.gravatar.com\/avatar\/2ab5fc173a67d7214d768b697dbbe2b6a8e725bfc11a7dd8377e4b5213b79fb4?s=96&d=mm&r=g\",\"caption\":\"Teatr TAQ\"}}]}<\/script>\n<!-- \/ Yoast SEO plugin. -->","yoast_head_json":{"title":"Kraina U\u0142udy - Plenerowe, Spektakle -","robots":{"index":"index","follow":"follow","max-snippet":"max-snippet:-1","max-image-preview":"max-image-preview:large","max-video-preview":"max-video-preview:-1"},"canonical":"https:\/\/terminusaquo.eu\/teatr\/de\/kraina-uludy\/","og_locale":"de_DE","og_type":"article","og_title":"Kraina U\u0142udy - Plenerowe, Spektakle -","og_description":"O spektaklu \u201eKraina u\u0142udy\u201d Teatru TAQ to widowisko plenerowe nawi\u0105zuj\u0105ce bezpo\u015brednio do przyg\u00f3d b\u0142\u0119dnego rycerza z La Manczy. Przygody rycerza s\u0105 powszechnie znane i wci\u0105\u017c aktualnie, bowiem nawi\u0105zuj\u0105 do r\u00f3\u017cnych sytuacji \u017cyciowych. Jest wi\u0119c w przedstawieniu kilka scen, kt\u00f3rych nie ma w pierwowzorze literackim ale klimatem i nastrojem doskonale wkomponowuj\u0105 si\u0119 w my\u015bl Cervantesa. Posta\u0107 [&hellip;]","og_url":"https:\/\/terminusaquo.eu\/teatr\/de\/kraina-uludy\/","og_site_name":"Teatr Terminus A Quo","article_publisher":"https:\/\/www.facebook.com\/terminusaquo","article_published_time":"2012-08-28T11:27:55+00:00","article_modified_time":"2023-06-29T19:34:44+00:00","og_image":[{"width":1280,"height":848,"url":"https:\/\/terminusaquo.eu\/teatr\/wp-content\/uploads\/2012\/08\/Kraina-Uludy.jpg","type":"image\/jpeg"}],"author":"Teatr TAQ","twitter_misc":{"Verfasst von":"Teatr TAQ","Gesch\u00e4tzte Lesezeit":"4\u00a0Minuten"},"schema":{"@context":"https:\/\/schema.org","@graph":[{"@type":"Article","@id":"https:\/\/terminusaquo.eu\/teatr\/kraina-uludy\/#article","isPartOf":{"@id":"https:\/\/terminusaquo.eu\/teatr\/kraina-uludy\/"},"author":{"name":"Teatr TAQ","@id":"https:\/\/terminusaquo.eu\/teatr\/#\/schema\/person\/76dc769bf2139b975dc161c0184732c0"},"headline":"Kraina U\u0142udy","datePublished":"2012-08-28T11:27:55+00:00","dateModified":"2023-06-29T19:34:44+00:00","mainEntityOfPage":{"@id":"https:\/\/terminusaquo.eu\/teatr\/kraina-uludy\/"},"wordCount":647,"commentCount":0,"publisher":{"@id":"https:\/\/terminusaquo.eu\/teatr\/#organization"},"image":{"@id":"https:\/\/terminusaquo.eu\/teatr\/kraina-uludy\/#primaryimage"},"thumbnailUrl":"https:\/\/terminusaquo.eu\/teatr\/wp-content\/uploads\/2012\/08\/Kraina-Uludy.jpg","articleSection":["Plenerowe","Spektakle"],"inLanguage":"de","potentialAction":[{"@type":"CommentAction","name":"Comment","target":["https:\/\/terminusaquo.eu\/teatr\/kraina-uludy\/#respond"]}]},{"@type":"WebPage","@id":"https:\/\/terminusaquo.eu\/teatr\/kraina-uludy\/","url":"https:\/\/terminusaquo.eu\/teatr\/kraina-uludy\/","name":"Kraina U\u0142udy - Plenerowe, Spektakle -","isPartOf":{"@id":"https:\/\/terminusaquo.eu\/teatr\/#website"},"primaryImageOfPage":{"@id":"https:\/\/terminusaquo.eu\/teatr\/kraina-uludy\/#primaryimage"},"image":{"@id":"https:\/\/terminusaquo.eu\/teatr\/kraina-uludy\/#primaryimage"},"thumbnailUrl":"https:\/\/terminusaquo.eu\/teatr\/wp-content\/uploads\/2012\/08\/Kraina-Uludy.jpg","datePublished":"2012-08-28T11:27:55+00:00","dateModified":"2023-06-29T19:34:44+00:00","breadcrumb":{"@id":"https:\/\/terminusaquo.eu\/teatr\/kraina-uludy\/#breadcrumb"},"inLanguage":"de","potentialAction":[{"@type":"ReadAction","target":["https:\/\/terminusaquo.eu\/teatr\/kraina-uludy\/"]}]},{"@type":"ImageObject","inLanguage":"de","@id":"https:\/\/terminusaquo.eu\/teatr\/kraina-uludy\/#primaryimage","url":"https:\/\/terminusaquo.eu\/teatr\/wp-content\/uploads\/2012\/08\/Kraina-Uludy.jpg","contentUrl":"https:\/\/terminusaquo.eu\/teatr\/wp-content\/uploads\/2012\/08\/Kraina-Uludy.jpg","width":1280,"height":848,"caption":"Kraina Uludy"},{"@type":"BreadcrumbList","@id":"https:\/\/terminusaquo.eu\/teatr\/kraina-uludy\/#breadcrumb","itemListElement":[{"@type":"ListItem","position":1,"name":"Teatr TAQ","item":"https:\/\/terminusaquo.eu\/teatr\/"},{"@type":"ListItem","position":2,"name":"Spektakle","item":"https:\/\/terminusaquo.eu\/teatr\/spektakle\/"},{"@type":"ListItem","position":3,"name":"Plenerowe","item":"https:\/\/terminusaquo.eu\/teatr\/spektakle\/plenerowe\/"},{"@type":"ListItem","position":4,"name":"Kraina U\u0142udy"}]},{"@type":"WebSite","@id":"https:\/\/terminusaquo.eu\/teatr\/#website","url":"https:\/\/terminusaquo.eu\/teatr\/","name":"Teatr Terminus A Quo","description":"","publisher":{"@id":"https:\/\/terminusaquo.eu\/teatr\/#organization"},"potentialAction":[{"@type":"SearchAction","target":{"@type":"EntryPoint","urlTemplate":"https:\/\/terminusaquo.eu\/teatr\/?s={search_term_string}"},"query-input":{"@type":"PropertyValueSpecification","valueRequired":true,"valueName":"search_term_string"}}],"inLanguage":"de"},{"@type":"Organization","@id":"https:\/\/terminusaquo.eu\/teatr\/#organization","name":"Teatr Terminus A Quo","url":"https:\/\/terminusaquo.eu\/teatr\/","logo":{"@type":"ImageObject","inLanguage":"de","@id":"https:\/\/terminusaquo.eu\/teatr\/#\/schema\/logo\/image\/","url":"https:\/\/terminusaquo.eu\/teatr\/wp-content\/uploads\/2013\/08\/cropped-taq-news-logo.png","contentUrl":"https:\/\/terminusaquo.eu\/teatr\/wp-content\/uploads\/2013\/08\/cropped-taq-news-logo.png","width":233,"height":238,"caption":"Teatr Terminus A Quo"},"image":{"@id":"https:\/\/terminusaquo.eu\/teatr\/#\/schema\/logo\/image\/"},"sameAs":["https:\/\/www.facebook.com\/terminusaquo"]},{"@type":"Person","@id":"https:\/\/terminusaquo.eu\/teatr\/#\/schema\/person\/76dc769bf2139b975dc161c0184732c0","name":"Teatr TAQ","image":{"@type":"ImageObject","inLanguage":"de","@id":"https:\/\/terminusaquo.eu\/teatr\/#\/schema\/person\/image\/","url":"https:\/\/secure.gravatar.com\/avatar\/2ab5fc173a67d7214d768b697dbbe2b6a8e725bfc11a7dd8377e4b5213b79fb4?s=96&d=mm&r=g","contentUrl":"https:\/\/secure.gravatar.com\/avatar\/2ab5fc173a67d7214d768b697dbbe2b6a8e725bfc11a7dd8377e4b5213b79fb4?s=96&d=mm&r=g","caption":"Teatr TAQ"}}]}},"_links":{"self":[{"href":"http:\/\/terminusaquo.eu\/teatr\/de\/wp-json\/wp\/v2\/posts\/7","targetHints":{"allow":["GET"]}}],"collection":[{"href":"http:\/\/terminusaquo.eu\/teatr\/de\/wp-json\/wp\/v2\/posts"}],"about":[{"href":"http:\/\/terminusaquo.eu\/teatr\/de\/wp-json\/wp\/v2\/types\/post"}],"author":[{"embeddable":true,"href":"http:\/\/terminusaquo.eu\/teatr\/de\/wp-json\/wp\/v2\/users\/1"}],"replies":[{"embeddable":true,"href":"http:\/\/terminusaquo.eu\/teatr\/de\/wp-json\/wp\/v2\/comments?post=7"}],"version-history":[{"count":6,"href":"http:\/\/terminusaquo.eu\/teatr\/de\/wp-json\/wp\/v2\/posts\/7\/revisions"}],"predecessor-version":[{"id":2434,"href":"http:\/\/terminusaquo.eu\/teatr\/de\/wp-json\/wp\/v2\/posts\/7\/revisions\/2434"}],"wp:featuredmedia":[{"embeddable":true,"href":"http:\/\/terminusaquo.eu\/teatr\/de\/wp-json\/wp\/v2\/media\/256"}],"wp:attachment":[{"href":"http:\/\/terminusaquo.eu\/teatr\/de\/wp-json\/wp\/v2\/media?parent=7"}],"wp:term":[{"taxonomy":"category","embeddable":true,"href":"http:\/\/terminusaquo.eu\/teatr\/de\/wp-json\/wp\/v2\/categories?post=7"},{"taxonomy":"post_tag","embeddable":true,"href":"http:\/\/terminusaquo.eu\/teatr\/de\/wp-json\/wp\/v2\/tags?post=7"}],"curies":[{"name":"wp","href":"https:\/\/api.w.org\/{rel}","templated":true}]}}