{"id":721,"date":"2014-01-28T17:27:20","date_gmt":"2014-01-28T16:27:20","guid":{"rendered":"http:\/\/terminusaquo.eu\/teatr\/?p=721"},"modified":"2016-02-17T10:05:22","modified_gmt":"2016-02-17T09:05:22","slug":"trzciny","status":"publish","type":"post","link":"http:\/\/terminusaquo.eu\/teatr\/de\/trzciny\/","title":{"rendered":"Trzciny"},"content":{"rendered":"<h4 class=\"spektakle\">O spektaklu<\/h4>\n<p>\u201e<em>Trzciny<\/em>\u201d to autorska wizja Edwarda Gramonta, kt\u00f3ry akcj\u0119 spektaklu umie\u015bci\u0142 w klimacie <strong>orientalnym<\/strong> a \u015bci\u015blej m\u00f3wi\u0105c w klimacie kultury japo\u0144skiej gdy\u017c w spektaklu wykorzystana jest poezja haiku, tak\u017ce scenografia kojarzy si\u0119 z klimatami film\u00f3w Kurosawy czy Kobayashiego. <\/p>\n<p>Fabu\u0142a spektaklu jest jednym obrazem opowiadaj\u0105cym <strong>o \u017cyciu i \u015bmierci<\/strong>: Rodzi si\u0119 \u017cycie, przybieraj\u0105c najr\u00f3\u017cniejsze formy istnienia, w zdyscyplinowanym \u015bwiecie Stwarzania Rzeczy i Istot. Elementy \u017cycia to \u015bci\u015ble zaplanowana choreografia, kt\u00f3r\u0105 aktorzy realizuj\u0105 na <strong>muzyce Paula Gigera<\/strong>. Barwy istnienia maj\u0105 charakter tanecznych peregrynacji i zale\u017c\u0105 od wiatru wyobra\u017ani, kt\u00f3ry powoli ws\u0105cza si\u0119 w dusze ta\u0144cz\u0105cych. Przez okno istnienia wpadaj\u0105 p\u0142atki s\u0142\u00f3w dope\u0142niaj\u0105c poetycki wymiar obrazu. Samotny ronin okazuje si\u0119 dawc\u0105 \u017cycia ale jednocze\u015bnie i grabarzem, gdy\u017c jego funkcja polega na <strong>czuwaniu pomi\u0119dzy tym co \u017cywe a tym co martwe<\/strong>. <\/p>\n<h4 class=\"spektakle\">Galeria<\/h4>\nngg_shortcode_0_placeholder\n<h4 class=\"spektakle\">Geneza<\/h4>\n<p>188 premiera Teatru TAQ, mia\u0142a miejsce 28 stycznia 2008 roku, w Sali im. Ryszarda Cie\u015blaka, w Teatrze TERMINUS A QUO w Nowej Soli podczas FERII W TERMINUSIE. W spektaklu tym wykorzystano poezj\u0119 haiku oraz taniec trzcin i py\u0142 m\u0105czny. \u201eTrzciny\u201d to g\u0142\u0119boki uk\u0142on w stron\u0119 Orientu, w stron\u0119 dyscypliny, w stron\u0119 Japonii. <\/p>\n<h4 class=\"spektakle\">Aktorzy<\/h4>\n<p><strong>Obecny sk\u0142ad zespo\u0142u<\/strong><br \/>\nKonrad Gramont<\/p>\n<p>Adriana Bo\u015b<br \/>\nKatarzyna Brzoza<br \/>\nEliasz Gramont<br \/>\nCezary Molenda<\/p>\n<p><strong>Pierwszy sk\u0142ad zespo\u0142u<\/strong><br \/>\nMicha\u0142 Kasprzak<\/p>\n<p>Katarzyna Brzoza<br \/>\nJoanna Brzoza<br \/>\nAnna M\u0142ynarczyk<br \/>\nEwelina Chorab<br \/>\nCezary Molenda<\/p>\n<h4 class=\"spektakle\">Kronika<\/h4>\n<p>Ilo\u015b\u0107 wystawie\u0144 sztuki: 14<\/p>\n<p><strong>Wa\u017cniejsze wystawienia sztuki: <\/strong><\/p>\n<li>29 marca 2008 &#8211; Nowa S\u00f3l. Sala im. Ryszarda Cie\u015blaka. Teatr TAQ. Mi\u0119dzynarodowy Dzie\u0144 Teatru<\/li>\n<li>19 kwietnia 2008 &#8211; Gniezno. M\u0142odzie\u017cowy Dom Kultury.<\/li>\n<li>VIII REGIONALNY MITYNG TEATRALNY<\/li>\n<li>19 lipca 2008 &#8211; Inow\u0142\u00f3dz. XIII FESTIWAL W KRAJOBRAZIE<\/li>\n<li>26 lipca 2008 &#8211; My\u015blib\u00f3rz. VIII FESTIWAL MA\u0141YCH FORM TEATRALNYCH I KABARETOWYCH<\/li>\n<li>21 wrze\u015bnia 2008 &#8211; Nowa S\u00f3l Teatr &#34;TERMINUS A QUO&#34;. INAUGURACJA 33 SEZONU ARTYSTYCZNEGO W TEATRZE TERMINUS A QUO<\/li>\n<li>14 listopada 2008 &#8211; Nowa S\u00f3l. Teatr &#34;TERMINUS A QUO&#34;. MEETING TEATR\u00d3W INTERESUJ\u0104CYCH &#8211; MIT 2008<\/li>\n<li>30 listopada 2008 &#8211; Skierniewice. M\u0142odzie\u017cowe Centrum Kultury. Festiwal Teatralny  POSZUKIWANIE ALTERNATYWY 2008<\/li>\n<li>13 grudnia 2008 &#8211; \u015awidnica. Teatr Miejski. \u015awidnicki O\u015brodek Kultury. VI FORUM TEATR\u00d3W NIEZALE\u017bNYCH \u201eTRANSFORMACJE\u201d<\/li>\n<li>14 marca 2009 &#8211; \u0141\u00f3d\u017a. Wsch\u00f3d-Zach\u00f3d Szko\u0142a Wy\u017csza. DNI KULTURY JAPO\u0143SKIEJ<\/li>\n<li>15 maja 2009 \u2013 Zielona G\u00f3ra. Deptak przed Muzeum Ziemi Lubuskiej. NOC W MUZEUM<\/li>\n<li>28 lipca 2009 \u2013 Bia\u0142ystok. Namiot Imprezowy na terenie Politechniki Bia\u0142ostockiej.<\/li>\n<li>94 KONGRES ESPERANTO<\/li>\n<li>10 grudnia 2011 \u2013 Nowa S\u00f3l. Teatr TERMINUS A QUO. Grudniowa Noc Ambarasuj\u0105cych Jednakowo\u017c Teatr\u00f3w \u2013 GNAJT<\/li>\n<li>22 czerwca 2012 \u2013 Grochowice. Polana za wsia k\/le\u015bnicz\u00f3wki. STACHURIADA 2012<\/li>","protected":false},"excerpt":{"rendered":"<p>O spektaklu \u201eTrzciny\u201d to autorska wizja Edwarda Gramonta, kt\u00f3ry akcj\u0119 spektaklu umie\u015bci\u0142 w klimacie orientalnym a \u015bci\u015blej m\u00f3wi\u0105c w klimacie kultury japo\u0144skiej gdy\u017c w spektaklu wykorzystana jest poezja haiku, tak\u017ce scenografia kojarzy si\u0119 z klimatami film\u00f3w Kurosawy czy Kobayashiego. Fabu\u0142a spektaklu jest jednym obrazem opowiadaj\u0105cym o \u017cyciu i \u015bmierci: Rodzi si\u0119 \u017cycie, przybieraj\u0105c najr\u00f3\u017cniejsze formy [&hellip;]<\/p>","protected":false},"author":1,"featured_media":722,"comment_status":"closed","ping_status":"closed","sticky":false,"template":"","format":"standard","meta":{"ngg_post_thumbnail":0,"footnotes":""},"categories":[8,4],"tags":[],"class_list":["post-721","post","type-post","status-publish","format-standard","has-post-thumbnail","hentry","category-sceniczne","category-spektakle"],"blocksy_meta":[],"yoast_head":"<!-- This site is optimized with the Yoast SEO plugin v24.5 - https:\/\/yoast.com\/wordpress\/plugins\/seo\/ -->\n<title>Trzciny - Sceniczne, Spektakle -<\/title>\n<meta name=\"robots\" content=\"index, follow, max-snippet:-1, max-image-preview:large, max-video-preview:-1\" \/>\n<link rel=\"canonical\" href=\"https:\/\/terminusaquo.eu\/teatr\/de\/trzciny\/\" \/>\n<meta property=\"og:locale\" content=\"de_DE\" \/>\n<meta property=\"og:type\" content=\"article\" \/>\n<meta property=\"og:title\" content=\"Trzciny - Sceniczne, Spektakle -\" \/>\n<meta property=\"og:description\" content=\"O spektaklu \u201eTrzciny\u201d to autorska wizja Edwarda Gramonta, kt\u00f3ry akcj\u0119 spektaklu umie\u015bci\u0142 w klimacie orientalnym a \u015bci\u015blej m\u00f3wi\u0105c w klimacie kultury japo\u0144skiej gdy\u017c w spektaklu wykorzystana jest poezja haiku, tak\u017ce scenografia kojarzy si\u0119 z klimatami film\u00f3w Kurosawy czy Kobayashiego. Fabu\u0142a spektaklu jest jednym obrazem opowiadaj\u0105cym o \u017cyciu i \u015bmierci: Rodzi si\u0119 \u017cycie, przybieraj\u0105c najr\u00f3\u017cniejsze formy [&hellip;]\" \/>\n<meta property=\"og:url\" content=\"https:\/\/terminusaquo.eu\/teatr\/de\/trzciny\/\" \/>\n<meta property=\"og:site_name\" content=\"Teatr Terminus A Quo\" \/>\n<meta property=\"article:publisher\" content=\"https:\/\/www.facebook.com\/terminusaquo\" \/>\n<meta property=\"article:published_time\" content=\"2014-01-28T16:27:20+00:00\" \/>\n<meta property=\"article:modified_time\" content=\"2016-02-17T09:05:22+00:00\" \/>\n<meta property=\"og:image\" content=\"https:\/\/terminusaquo.eu\/teatr\/wp-content\/uploads\/2014\/01\/trzciny.jpg\" \/>\n\t<meta property=\"og:image:width\" content=\"765\" \/>\n\t<meta property=\"og:image:height\" content=\"400\" \/>\n\t<meta property=\"og:image:type\" content=\"image\/jpeg\" \/>\n<meta name=\"author\" content=\"Teatr TAQ\" \/>\n<meta name=\"twitter:label1\" content=\"Verfasst von\" \/>\n\t<meta name=\"twitter:data1\" content=\"Teatr TAQ\" \/>\n\t<meta name=\"twitter:label2\" content=\"Gesch\u00e4tzte Lesezeit\" \/>\n\t<meta name=\"twitter:data2\" content=\"2\u00a0Minuten\" \/>\n<script type=\"application\/ld+json\" class=\"yoast-schema-graph\">{\"@context\":\"https:\/\/schema.org\",\"@graph\":[{\"@type\":\"Article\",\"@id\":\"https:\/\/terminusaquo.eu\/teatr\/trzciny\/#article\",\"isPartOf\":{\"@id\":\"https:\/\/terminusaquo.eu\/teatr\/trzciny\/\"},\"author\":{\"name\":\"Teatr TAQ\",\"@id\":\"https:\/\/terminusaquo.eu\/teatr\/#\/schema\/person\/76dc769bf2139b975dc161c0184732c0\"},\"headline\":\"Trzciny\",\"datePublished\":\"2014-01-28T16:27:20+00:00\",\"dateModified\":\"2016-02-17T09:05:22+00:00\",\"mainEntityOfPage\":{\"@id\":\"https:\/\/terminusaquo.eu\/teatr\/trzciny\/\"},\"wordCount\":429,\"publisher\":{\"@id\":\"https:\/\/terminusaquo.eu\/teatr\/#organization\"},\"image\":{\"@id\":\"https:\/\/terminusaquo.eu\/teatr\/trzciny\/#primaryimage\"},\"thumbnailUrl\":\"https:\/\/terminusaquo.eu\/teatr\/wp-content\/uploads\/2014\/01\/trzciny.jpg\",\"articleSection\":[\"Sceniczne\",\"Spektakle\"],\"inLanguage\":\"de\"},{\"@type\":\"WebPage\",\"@id\":\"https:\/\/terminusaquo.eu\/teatr\/trzciny\/\",\"url\":\"https:\/\/terminusaquo.eu\/teatr\/trzciny\/\",\"name\":\"Trzciny - Sceniczne, Spektakle -\",\"isPartOf\":{\"@id\":\"https:\/\/terminusaquo.eu\/teatr\/#website\"},\"primaryImageOfPage\":{\"@id\":\"https:\/\/terminusaquo.eu\/teatr\/trzciny\/#primaryimage\"},\"image\":{\"@id\":\"https:\/\/terminusaquo.eu\/teatr\/trzciny\/#primaryimage\"},\"thumbnailUrl\":\"https:\/\/terminusaquo.eu\/teatr\/wp-content\/uploads\/2014\/01\/trzciny.jpg\",\"datePublished\":\"2014-01-28T16:27:20+00:00\",\"dateModified\":\"2016-02-17T09:05:22+00:00\",\"breadcrumb\":{\"@id\":\"https:\/\/terminusaquo.eu\/teatr\/trzciny\/#breadcrumb\"},\"inLanguage\":\"de\",\"potentialAction\":[{\"@type\":\"ReadAction\",\"target\":[\"https:\/\/terminusaquo.eu\/teatr\/trzciny\/\"]}]},{\"@type\":\"ImageObject\",\"inLanguage\":\"de\",\"@id\":\"https:\/\/terminusaquo.eu\/teatr\/trzciny\/#primaryimage\",\"url\":\"https:\/\/terminusaquo.eu\/teatr\/wp-content\/uploads\/2014\/01\/trzciny.jpg\",\"contentUrl\":\"https:\/\/terminusaquo.eu\/teatr\/wp-content\/uploads\/2014\/01\/trzciny.jpg\",\"width\":765,\"height\":400,\"caption\":\"trzciny\"},{\"@type\":\"BreadcrumbList\",\"@id\":\"https:\/\/terminusaquo.eu\/teatr\/trzciny\/#breadcrumb\",\"itemListElement\":[{\"@type\":\"ListItem\",\"position\":1,\"name\":\"Teatr TAQ\",\"item\":\"https:\/\/terminusaquo.eu\/teatr\/\"},{\"@type\":\"ListItem\",\"position\":2,\"name\":\"Spektakle\",\"item\":\"https:\/\/terminusaquo.eu\/teatr\/spektakle\/\"},{\"@type\":\"ListItem\",\"position\":3,\"name\":\"Sceniczne\",\"item\":\"https:\/\/terminusaquo.eu\/teatr\/spektakle\/sceniczne\/\"},{\"@type\":\"ListItem\",\"position\":4,\"name\":\"Trzciny\"}]},{\"@type\":\"WebSite\",\"@id\":\"https:\/\/terminusaquo.eu\/teatr\/#website\",\"url\":\"https:\/\/terminusaquo.eu\/teatr\/\",\"name\":\"Teatr Terminus A Quo\",\"description\":\"\",\"publisher\":{\"@id\":\"https:\/\/terminusaquo.eu\/teatr\/#organization\"},\"potentialAction\":[{\"@type\":\"SearchAction\",\"target\":{\"@type\":\"EntryPoint\",\"urlTemplate\":\"https:\/\/terminusaquo.eu\/teatr\/?s={search_term_string}\"},\"query-input\":{\"@type\":\"PropertyValueSpecification\",\"valueRequired\":true,\"valueName\":\"search_term_string\"}}],\"inLanguage\":\"de\"},{\"@type\":\"Organization\",\"@id\":\"https:\/\/terminusaquo.eu\/teatr\/#organization\",\"name\":\"Teatr Terminus A Quo\",\"url\":\"https:\/\/terminusaquo.eu\/teatr\/\",\"logo\":{\"@type\":\"ImageObject\",\"inLanguage\":\"de\",\"@id\":\"https:\/\/terminusaquo.eu\/teatr\/#\/schema\/logo\/image\/\",\"url\":\"https:\/\/terminusaquo.eu\/teatr\/wp-content\/uploads\/2013\/08\/cropped-taq-news-logo.png\",\"contentUrl\":\"https:\/\/terminusaquo.eu\/teatr\/wp-content\/uploads\/2013\/08\/cropped-taq-news-logo.png\",\"width\":233,\"height\":238,\"caption\":\"Teatr Terminus A Quo\"},\"image\":{\"@id\":\"https:\/\/terminusaquo.eu\/teatr\/#\/schema\/logo\/image\/\"},\"sameAs\":[\"https:\/\/www.facebook.com\/terminusaquo\"]},{\"@type\":\"Person\",\"@id\":\"https:\/\/terminusaquo.eu\/teatr\/#\/schema\/person\/76dc769bf2139b975dc161c0184732c0\",\"name\":\"Teatr TAQ\",\"image\":{\"@type\":\"ImageObject\",\"inLanguage\":\"de\",\"@id\":\"https:\/\/terminusaquo.eu\/teatr\/#\/schema\/person\/image\/\",\"url\":\"https:\/\/secure.gravatar.com\/avatar\/2ab5fc173a67d7214d768b697dbbe2b6a8e725bfc11a7dd8377e4b5213b79fb4?s=96&d=mm&r=g\",\"contentUrl\":\"https:\/\/secure.gravatar.com\/avatar\/2ab5fc173a67d7214d768b697dbbe2b6a8e725bfc11a7dd8377e4b5213b79fb4?s=96&d=mm&r=g\",\"caption\":\"Teatr TAQ\"}}]}<\/script>\n<!-- \/ Yoast SEO plugin. -->","yoast_head_json":{"title":"Trzciny - Sceniczne, Spektakle -","robots":{"index":"index","follow":"follow","max-snippet":"max-snippet:-1","max-image-preview":"max-image-preview:large","max-video-preview":"max-video-preview:-1"},"canonical":"https:\/\/terminusaquo.eu\/teatr\/de\/trzciny\/","og_locale":"de_DE","og_type":"article","og_title":"Trzciny - Sceniczne, Spektakle -","og_description":"O spektaklu \u201eTrzciny\u201d to autorska wizja Edwarda Gramonta, kt\u00f3ry akcj\u0119 spektaklu umie\u015bci\u0142 w klimacie orientalnym a \u015bci\u015blej m\u00f3wi\u0105c w klimacie kultury japo\u0144skiej gdy\u017c w spektaklu wykorzystana jest poezja haiku, tak\u017ce scenografia kojarzy si\u0119 z klimatami film\u00f3w Kurosawy czy Kobayashiego. Fabu\u0142a spektaklu jest jednym obrazem opowiadaj\u0105cym o \u017cyciu i \u015bmierci: Rodzi si\u0119 \u017cycie, przybieraj\u0105c najr\u00f3\u017cniejsze formy [&hellip;]","og_url":"https:\/\/terminusaquo.eu\/teatr\/de\/trzciny\/","og_site_name":"Teatr Terminus A Quo","article_publisher":"https:\/\/www.facebook.com\/terminusaquo","article_published_time":"2014-01-28T16:27:20+00:00","article_modified_time":"2016-02-17T09:05:22+00:00","og_image":[{"width":765,"height":400,"url":"https:\/\/terminusaquo.eu\/teatr\/wp-content\/uploads\/2014\/01\/trzciny.jpg","type":"image\/jpeg"}],"author":"Teatr TAQ","twitter_misc":{"Verfasst von":"Teatr TAQ","Gesch\u00e4tzte Lesezeit":"2\u00a0Minuten"},"schema":{"@context":"https:\/\/schema.org","@graph":[{"@type":"Article","@id":"https:\/\/terminusaquo.eu\/teatr\/trzciny\/#article","isPartOf":{"@id":"https:\/\/terminusaquo.eu\/teatr\/trzciny\/"},"author":{"name":"Teatr TAQ","@id":"https:\/\/terminusaquo.eu\/teatr\/#\/schema\/person\/76dc769bf2139b975dc161c0184732c0"},"headline":"Trzciny","datePublished":"2014-01-28T16:27:20+00:00","dateModified":"2016-02-17T09:05:22+00:00","mainEntityOfPage":{"@id":"https:\/\/terminusaquo.eu\/teatr\/trzciny\/"},"wordCount":429,"publisher":{"@id":"https:\/\/terminusaquo.eu\/teatr\/#organization"},"image":{"@id":"https:\/\/terminusaquo.eu\/teatr\/trzciny\/#primaryimage"},"thumbnailUrl":"https:\/\/terminusaquo.eu\/teatr\/wp-content\/uploads\/2014\/01\/trzciny.jpg","articleSection":["Sceniczne","Spektakle"],"inLanguage":"de"},{"@type":"WebPage","@id":"https:\/\/terminusaquo.eu\/teatr\/trzciny\/","url":"https:\/\/terminusaquo.eu\/teatr\/trzciny\/","name":"Trzciny - Sceniczne, Spektakle -","isPartOf":{"@id":"https:\/\/terminusaquo.eu\/teatr\/#website"},"primaryImageOfPage":{"@id":"https:\/\/terminusaquo.eu\/teatr\/trzciny\/#primaryimage"},"image":{"@id":"https:\/\/terminusaquo.eu\/teatr\/trzciny\/#primaryimage"},"thumbnailUrl":"https:\/\/terminusaquo.eu\/teatr\/wp-content\/uploads\/2014\/01\/trzciny.jpg","datePublished":"2014-01-28T16:27:20+00:00","dateModified":"2016-02-17T09:05:22+00:00","breadcrumb":{"@id":"https:\/\/terminusaquo.eu\/teatr\/trzciny\/#breadcrumb"},"inLanguage":"de","potentialAction":[{"@type":"ReadAction","target":["https:\/\/terminusaquo.eu\/teatr\/trzciny\/"]}]},{"@type":"ImageObject","inLanguage":"de","@id":"https:\/\/terminusaquo.eu\/teatr\/trzciny\/#primaryimage","url":"https:\/\/terminusaquo.eu\/teatr\/wp-content\/uploads\/2014\/01\/trzciny.jpg","contentUrl":"https:\/\/terminusaquo.eu\/teatr\/wp-content\/uploads\/2014\/01\/trzciny.jpg","width":765,"height":400,"caption":"trzciny"},{"@type":"BreadcrumbList","@id":"https:\/\/terminusaquo.eu\/teatr\/trzciny\/#breadcrumb","itemListElement":[{"@type":"ListItem","position":1,"name":"Teatr TAQ","item":"https:\/\/terminusaquo.eu\/teatr\/"},{"@type":"ListItem","position":2,"name":"Spektakle","item":"https:\/\/terminusaquo.eu\/teatr\/spektakle\/"},{"@type":"ListItem","position":3,"name":"Sceniczne","item":"https:\/\/terminusaquo.eu\/teatr\/spektakle\/sceniczne\/"},{"@type":"ListItem","position":4,"name":"Trzciny"}]},{"@type":"WebSite","@id":"https:\/\/terminusaquo.eu\/teatr\/#website","url":"https:\/\/terminusaquo.eu\/teatr\/","name":"Teatr Terminus A Quo","description":"","publisher":{"@id":"https:\/\/terminusaquo.eu\/teatr\/#organization"},"potentialAction":[{"@type":"SearchAction","target":{"@type":"EntryPoint","urlTemplate":"https:\/\/terminusaquo.eu\/teatr\/?s={search_term_string}"},"query-input":{"@type":"PropertyValueSpecification","valueRequired":true,"valueName":"search_term_string"}}],"inLanguage":"de"},{"@type":"Organization","@id":"https:\/\/terminusaquo.eu\/teatr\/#organization","name":"Teatr Terminus A Quo","url":"https:\/\/terminusaquo.eu\/teatr\/","logo":{"@type":"ImageObject","inLanguage":"de","@id":"https:\/\/terminusaquo.eu\/teatr\/#\/schema\/logo\/image\/","url":"https:\/\/terminusaquo.eu\/teatr\/wp-content\/uploads\/2013\/08\/cropped-taq-news-logo.png","contentUrl":"https:\/\/terminusaquo.eu\/teatr\/wp-content\/uploads\/2013\/08\/cropped-taq-news-logo.png","width":233,"height":238,"caption":"Teatr Terminus A Quo"},"image":{"@id":"https:\/\/terminusaquo.eu\/teatr\/#\/schema\/logo\/image\/"},"sameAs":["https:\/\/www.facebook.com\/terminusaquo"]},{"@type":"Person","@id":"https:\/\/terminusaquo.eu\/teatr\/#\/schema\/person\/76dc769bf2139b975dc161c0184732c0","name":"Teatr TAQ","image":{"@type":"ImageObject","inLanguage":"de","@id":"https:\/\/terminusaquo.eu\/teatr\/#\/schema\/person\/image\/","url":"https:\/\/secure.gravatar.com\/avatar\/2ab5fc173a67d7214d768b697dbbe2b6a8e725bfc11a7dd8377e4b5213b79fb4?s=96&d=mm&r=g","contentUrl":"https:\/\/secure.gravatar.com\/avatar\/2ab5fc173a67d7214d768b697dbbe2b6a8e725bfc11a7dd8377e4b5213b79fb4?s=96&d=mm&r=g","caption":"Teatr TAQ"}}]}},"_links":{"self":[{"href":"http:\/\/terminusaquo.eu\/teatr\/de\/wp-json\/wp\/v2\/posts\/721","targetHints":{"allow":["GET"]}}],"collection":[{"href":"http:\/\/terminusaquo.eu\/teatr\/de\/wp-json\/wp\/v2\/posts"}],"about":[{"href":"http:\/\/terminusaquo.eu\/teatr\/de\/wp-json\/wp\/v2\/types\/post"}],"author":[{"embeddable":true,"href":"http:\/\/terminusaquo.eu\/teatr\/de\/wp-json\/wp\/v2\/users\/1"}],"replies":[{"embeddable":true,"href":"http:\/\/terminusaquo.eu\/teatr\/de\/wp-json\/wp\/v2\/comments?post=721"}],"version-history":[{"count":0,"href":"http:\/\/terminusaquo.eu\/teatr\/de\/wp-json\/wp\/v2\/posts\/721\/revisions"}],"wp:featuredmedia":[{"embeddable":true,"href":"http:\/\/terminusaquo.eu\/teatr\/de\/wp-json\/wp\/v2\/media\/722"}],"wp:attachment":[{"href":"http:\/\/terminusaquo.eu\/teatr\/de\/wp-json\/wp\/v2\/media?parent=721"}],"wp:term":[{"taxonomy":"category","embeddable":true,"href":"http:\/\/terminusaquo.eu\/teatr\/de\/wp-json\/wp\/v2\/categories?post=721"},{"taxonomy":"post_tag","embeddable":true,"href":"http:\/\/terminusaquo.eu\/teatr\/de\/wp-json\/wp\/v2\/tags?post=721"}],"curies":[{"name":"wp","href":"https:\/\/api.w.org\/{rel}","templated":true}]}}