{"id":641,"date":"2013-11-05T22:28:11","date_gmt":"2013-11-05T21:28:11","guid":{"rendered":"http:\/\/terminusaquo.eu\/teatr\/?p=641"},"modified":"2013-11-05T22:28:11","modified_gmt":"2013-11-05T21:28:11","slug":"nie-mowienia","status":"publish","type":"post","link":"http:\/\/terminusaquo.eu\/teatr\/en\/nie-mowienia\/","title":{"rendered":"Nie do m\u00f3wienia"},"content":{"rendered":"<h4 class=\"spektakle\">O spektaklu<\/h4>\n<p>\u201eNie do m\u00f3wienia\u201d to kolejna udana ods\u0142ona, w kt\u00f3rej wsp\u00f3\u0142istniej\u0105 jednocze\u015bnie mistyczny obraz plastyczny i beznami\u0119tny w\u0105tek publicystyczny zahaczaj\u0105cy jakby od niechcenia o aktualne j\u0105trz\u0105ce sprawy (ACTA). Tw\u00f3rczy tandem: Edward Gramont i Cezary Molenda s\u0105 przekonani i trafno\u015bci wyboru \u015brodk\u00f3w, niebanalnych tre\u015bci i interesuj\u0105cych rozwi\u0105zaniach scenicznych. Pe\u0142ni kompozycyjnej ca\u0142o\u015bci dope\u0142nia dobrze dobrana muzyka i sugestywna gra aktor\u00f3w. Spektakl ten nie jest jednoznaczny je\u017celi chodzi o przes\u0142anie gdy\u017c mo\u017cna w nim doszuka\u0107 si\u0119 wielu w\u0105tk\u00f3w i tre\u015bci tak egzystencjalnych jak i mistycznych czy te\u017c publicystycznych.<\/p>\n<h4 class=\"spektakle\">Galeria<\/h4>\n<p>Wkr\u00f3tce.<\/p>\n<h4 class=\"spektakle\">Geneza<\/h4>\n<p>200 premiera Teatru TAQ, mia\u0142a miejsce 22 listopada 2009 roku w sali im. Ryszarda Cie\u015blaka w Teatrze TERMINUS A QUO podczas MEETINGU TEATR\u00d3W INTERESUJ\u0104CYCH \u2013 MIT 2009.<\/p>\n<p>\u201eNie do m\u00f3wienia\u201d to autorski spektakl Edwarda Gramonta i Cezarego Molendy.<\/p>\n<h4 class=\"spektakle\">Aktorzy<\/h4>\n<p><strong>Obecny sk\u0142ad zespo\u0142u<\/strong><br \/>\nCezary Molenda<br \/>\nEliasz Gramont<br \/>\nAdriana Bo\u015b<br \/>\nMagdalena Budzyniak<\/p>\n<p><strong>Pierwszy sk\u0142ad zespo\u0142u<\/strong><br \/>\nCezary Molenda<br \/>\nEliasz Gramont<br \/>\nKarina Buczy\u0144ska<br \/>\nKatarzyna Peca<\/p>\n<h4 class=\"spektakle\">Kronika<\/h4>\n<p>Ilo\u015b\u0107 wystawie\u0144 sztuki: 4<\/p>\n<p><strong>Wa\u017cniejsze wystawienia sztuki: <\/strong><\/p>\n<li>22 listopada 2009 \u2013 Nowa S\u00f3l. Teatr TERMINUS A QUO. MEETING TEATR\u00d3W INTERESUJ\u0104CYCH \u2013 MIT 2009<\/li>\n<li>30 czerwca 2012 \u2013 Nowa S\u00f3l. Teatr TERMINUS A QUO. NOCNE SPOTKANIA TEATRALNE.  LETNIE ARTYSTOWSKIE PREZENTACJE CIEKAWYCH INSCENIZACJI OFF TEATRU \u2013 LAPCIO 2012<\/li>\n<li>16 listopada 2012 \u2013 Nowa S\u00f3l. Teatr TERMINUS A QUO. 20 SPOTKANIE TEATRU OTWARTEGO &#8211; STO<\/li>","protected":false},"excerpt":{"rendered":"<p>O spektaklu \u201eNie do m\u00f3wienia\u201d to kolejna udana ods\u0142ona, w kt\u00f3rej wsp\u00f3\u0142istniej\u0105 jednocze\u015bnie mistyczny obraz plastyczny i beznami\u0119tny w\u0105tek publicystyczny zahaczaj\u0105cy jakby od niechcenia o aktualne j\u0105trz\u0105ce sprawy (ACTA). Tw\u00f3rczy tandem: Edward Gramont i Cezary Molenda s\u0105 przekonani i trafno\u015bci wyboru \u015brodk\u00f3w, niebanalnych tre\u015bci i interesuj\u0105cych rozwi\u0105zaniach scenicznych. Pe\u0142ni kompozycyjnej ca\u0142o\u015bci dope\u0142nia dobrze dobrana muzyka [&hellip;]<\/p>","protected":false},"author":1,"featured_media":642,"comment_status":"closed","ping_status":"closed","sticky":false,"template":"","format":"standard","meta":{"ngg_post_thumbnail":0,"footnotes":""},"categories":[8,4],"tags":[],"class_list":["post-641","post","type-post","status-publish","format-standard","has-post-thumbnail","hentry","category-sceniczne","category-spektakle"],"blocksy_meta":[],"yoast_head":"<!-- This site is optimized with the Yoast SEO plugin v24.5 - https:\/\/yoast.com\/wordpress\/plugins\/seo\/ -->\n<title>Nie do m\u00f3wienia - Sceniczne, Spektakle -<\/title>\n<meta name=\"robots\" content=\"index, follow, max-snippet:-1, max-image-preview:large, max-video-preview:-1\" \/>\n<link rel=\"canonical\" href=\"https:\/\/terminusaquo.eu\/teatr\/en\/nie-mowienia\/\" \/>\n<meta property=\"og:locale\" content=\"en_US\" \/>\n<meta property=\"og:type\" content=\"article\" \/>\n<meta property=\"og:title\" content=\"Nie do m\u00f3wienia - Sceniczne, Spektakle -\" \/>\n<meta property=\"og:description\" content=\"O spektaklu \u201eNie do m\u00f3wienia\u201d to kolejna udana ods\u0142ona, w kt\u00f3rej wsp\u00f3\u0142istniej\u0105 jednocze\u015bnie mistyczny obraz plastyczny i beznami\u0119tny w\u0105tek publicystyczny zahaczaj\u0105cy jakby od niechcenia o aktualne j\u0105trz\u0105ce sprawy (ACTA). Tw\u00f3rczy tandem: Edward Gramont i Cezary Molenda s\u0105 przekonani i trafno\u015bci wyboru \u015brodk\u00f3w, niebanalnych tre\u015bci i interesuj\u0105cych rozwi\u0105zaniach scenicznych. Pe\u0142ni kompozycyjnej ca\u0142o\u015bci dope\u0142nia dobrze dobrana muzyka [&hellip;]\" \/>\n<meta property=\"og:url\" content=\"https:\/\/terminusaquo.eu\/teatr\/en\/nie-mowienia\/\" \/>\n<meta property=\"og:site_name\" content=\"Teatr Terminus A Quo\" \/>\n<meta property=\"article:publisher\" content=\"https:\/\/www.facebook.com\/terminusaquo\" \/>\n<meta property=\"article:published_time\" content=\"2013-11-05T21:28:11+00:00\" \/>\n<meta property=\"og:image\" content=\"https:\/\/terminusaquo.eu\/teatr\/wp-content\/uploads\/2013\/11\/nie-do-mowienia.jpg\" \/>\n\t<meta property=\"og:image:width\" content=\"764\" \/>\n\t<meta property=\"og:image:height\" content=\"400\" \/>\n\t<meta property=\"og:image:type\" content=\"image\/jpeg\" \/>\n<meta name=\"author\" content=\"Teatr TAQ\" \/>\n<meta name=\"twitter:label1\" content=\"Written by\" \/>\n\t<meta name=\"twitter:data1\" content=\"Teatr TAQ\" \/>\n\t<meta name=\"twitter:label2\" content=\"Est. reading time\" \/>\n\t<meta name=\"twitter:data2\" content=\"1 minute\" \/>\n<script type=\"application\/ld+json\" class=\"yoast-schema-graph\">{\"@context\":\"https:\/\/schema.org\",\"@graph\":[{\"@type\":\"Article\",\"@id\":\"https:\/\/terminusaquo.eu\/teatr\/nie-mowienia\/#article\",\"isPartOf\":{\"@id\":\"https:\/\/terminusaquo.eu\/teatr\/nie-mowienia\/\"},\"author\":{\"name\":\"Teatr TAQ\",\"@id\":\"https:\/\/terminusaquo.eu\/teatr\/#\/schema\/person\/76dc769bf2139b975dc161c0184732c0\"},\"headline\":\"Nie do m\u00f3wienia\",\"datePublished\":\"2013-11-05T21:28:11+00:00\",\"mainEntityOfPage\":{\"@id\":\"https:\/\/terminusaquo.eu\/teatr\/nie-mowienia\/\"},\"wordCount\":241,\"publisher\":{\"@id\":\"https:\/\/terminusaquo.eu\/teatr\/#organization\"},\"image\":{\"@id\":\"https:\/\/terminusaquo.eu\/teatr\/nie-mowienia\/#primaryimage\"},\"thumbnailUrl\":\"https:\/\/terminusaquo.eu\/teatr\/wp-content\/uploads\/2013\/11\/nie-do-mowienia.jpg\",\"articleSection\":[\"Sceniczne\",\"Spektakle\"],\"inLanguage\":\"en-US\"},{\"@type\":\"WebPage\",\"@id\":\"https:\/\/terminusaquo.eu\/teatr\/nie-mowienia\/\",\"url\":\"https:\/\/terminusaquo.eu\/teatr\/nie-mowienia\/\",\"name\":\"Nie do m\u00f3wienia - Sceniczne, Spektakle -\",\"isPartOf\":{\"@id\":\"https:\/\/terminusaquo.eu\/teatr\/#website\"},\"primaryImageOfPage\":{\"@id\":\"https:\/\/terminusaquo.eu\/teatr\/nie-mowienia\/#primaryimage\"},\"image\":{\"@id\":\"https:\/\/terminusaquo.eu\/teatr\/nie-mowienia\/#primaryimage\"},\"thumbnailUrl\":\"https:\/\/terminusaquo.eu\/teatr\/wp-content\/uploads\/2013\/11\/nie-do-mowienia.jpg\",\"datePublished\":\"2013-11-05T21:28:11+00:00\",\"breadcrumb\":{\"@id\":\"https:\/\/terminusaquo.eu\/teatr\/nie-mowienia\/#breadcrumb\"},\"inLanguage\":\"en-US\",\"potentialAction\":[{\"@type\":\"ReadAction\",\"target\":[\"https:\/\/terminusaquo.eu\/teatr\/nie-mowienia\/\"]}]},{\"@type\":\"ImageObject\",\"inLanguage\":\"en-US\",\"@id\":\"https:\/\/terminusaquo.eu\/teatr\/nie-mowienia\/#primaryimage\",\"url\":\"https:\/\/terminusaquo.eu\/teatr\/wp-content\/uploads\/2013\/11\/nie-do-mowienia.jpg\",\"contentUrl\":\"https:\/\/terminusaquo.eu\/teatr\/wp-content\/uploads\/2013\/11\/nie-do-mowienia.jpg\",\"width\":764,\"height\":400,\"caption\":\"nie do mowienia\"},{\"@type\":\"BreadcrumbList\",\"@id\":\"https:\/\/terminusaquo.eu\/teatr\/nie-mowienia\/#breadcrumb\",\"itemListElement\":[{\"@type\":\"ListItem\",\"position\":1,\"name\":\"Teatr TAQ\",\"item\":\"https:\/\/terminusaquo.eu\/teatr\/\"},{\"@type\":\"ListItem\",\"position\":2,\"name\":\"Spektakle\",\"item\":\"https:\/\/terminusaquo.eu\/teatr\/spektakle\/\"},{\"@type\":\"ListItem\",\"position\":3,\"name\":\"Sceniczne\",\"item\":\"https:\/\/terminusaquo.eu\/teatr\/spektakle\/sceniczne\/\"},{\"@type\":\"ListItem\",\"position\":4,\"name\":\"Nie do m\u00f3wienia\"}]},{\"@type\":\"WebSite\",\"@id\":\"https:\/\/terminusaquo.eu\/teatr\/#website\",\"url\":\"https:\/\/terminusaquo.eu\/teatr\/\",\"name\":\"Teatr Terminus A Quo\",\"description\":\"\",\"publisher\":{\"@id\":\"https:\/\/terminusaquo.eu\/teatr\/#organization\"},\"potentialAction\":[{\"@type\":\"SearchAction\",\"target\":{\"@type\":\"EntryPoint\",\"urlTemplate\":\"https:\/\/terminusaquo.eu\/teatr\/?s={search_term_string}\"},\"query-input\":{\"@type\":\"PropertyValueSpecification\",\"valueRequired\":true,\"valueName\":\"search_term_string\"}}],\"inLanguage\":\"en-US\"},{\"@type\":\"Organization\",\"@id\":\"https:\/\/terminusaquo.eu\/teatr\/#organization\",\"name\":\"Teatr Terminus A Quo\",\"url\":\"https:\/\/terminusaquo.eu\/teatr\/\",\"logo\":{\"@type\":\"ImageObject\",\"inLanguage\":\"en-US\",\"@id\":\"https:\/\/terminusaquo.eu\/teatr\/#\/schema\/logo\/image\/\",\"url\":\"https:\/\/terminusaquo.eu\/teatr\/wp-content\/uploads\/2013\/08\/cropped-taq-news-logo.png\",\"contentUrl\":\"https:\/\/terminusaquo.eu\/teatr\/wp-content\/uploads\/2013\/08\/cropped-taq-news-logo.png\",\"width\":233,\"height\":238,\"caption\":\"Teatr Terminus A Quo\"},\"image\":{\"@id\":\"https:\/\/terminusaquo.eu\/teatr\/#\/schema\/logo\/image\/\"},\"sameAs\":[\"https:\/\/www.facebook.com\/terminusaquo\"]},{\"@type\":\"Person\",\"@id\":\"https:\/\/terminusaquo.eu\/teatr\/#\/schema\/person\/76dc769bf2139b975dc161c0184732c0\",\"name\":\"Teatr TAQ\",\"image\":{\"@type\":\"ImageObject\",\"inLanguage\":\"en-US\",\"@id\":\"https:\/\/terminusaquo.eu\/teatr\/#\/schema\/person\/image\/\",\"url\":\"https:\/\/secure.gravatar.com\/avatar\/2ab5fc173a67d7214d768b697dbbe2b6a8e725bfc11a7dd8377e4b5213b79fb4?s=96&d=mm&r=g\",\"contentUrl\":\"https:\/\/secure.gravatar.com\/avatar\/2ab5fc173a67d7214d768b697dbbe2b6a8e725bfc11a7dd8377e4b5213b79fb4?s=96&d=mm&r=g\",\"caption\":\"Teatr TAQ\"}}]}<\/script>\n<!-- \/ Yoast SEO plugin. -->","yoast_head_json":{"title":"Nie do m\u00f3wienia - Sceniczne, Spektakle -","robots":{"index":"index","follow":"follow","max-snippet":"max-snippet:-1","max-image-preview":"max-image-preview:large","max-video-preview":"max-video-preview:-1"},"canonical":"https:\/\/terminusaquo.eu\/teatr\/en\/nie-mowienia\/","og_locale":"en_US","og_type":"article","og_title":"Nie do m\u00f3wienia - Sceniczne, Spektakle -","og_description":"O spektaklu \u201eNie do m\u00f3wienia\u201d to kolejna udana ods\u0142ona, w kt\u00f3rej wsp\u00f3\u0142istniej\u0105 jednocze\u015bnie mistyczny obraz plastyczny i beznami\u0119tny w\u0105tek publicystyczny zahaczaj\u0105cy jakby od niechcenia o aktualne j\u0105trz\u0105ce sprawy (ACTA). Tw\u00f3rczy tandem: Edward Gramont i Cezary Molenda s\u0105 przekonani i trafno\u015bci wyboru \u015brodk\u00f3w, niebanalnych tre\u015bci i interesuj\u0105cych rozwi\u0105zaniach scenicznych. Pe\u0142ni kompozycyjnej ca\u0142o\u015bci dope\u0142nia dobrze dobrana muzyka [&hellip;]","og_url":"https:\/\/terminusaquo.eu\/teatr\/en\/nie-mowienia\/","og_site_name":"Teatr Terminus A Quo","article_publisher":"https:\/\/www.facebook.com\/terminusaquo","article_published_time":"2013-11-05T21:28:11+00:00","og_image":[{"width":764,"height":400,"url":"https:\/\/terminusaquo.eu\/teatr\/wp-content\/uploads\/2013\/11\/nie-do-mowienia.jpg","type":"image\/jpeg"}],"author":"Teatr TAQ","twitter_misc":{"Written by":"Teatr TAQ","Est. reading time":"1 minute"},"schema":{"@context":"https:\/\/schema.org","@graph":[{"@type":"Article","@id":"https:\/\/terminusaquo.eu\/teatr\/nie-mowienia\/#article","isPartOf":{"@id":"https:\/\/terminusaquo.eu\/teatr\/nie-mowienia\/"},"author":{"name":"Teatr TAQ","@id":"https:\/\/terminusaquo.eu\/teatr\/#\/schema\/person\/76dc769bf2139b975dc161c0184732c0"},"headline":"Nie do m\u00f3wienia","datePublished":"2013-11-05T21:28:11+00:00","mainEntityOfPage":{"@id":"https:\/\/terminusaquo.eu\/teatr\/nie-mowienia\/"},"wordCount":241,"publisher":{"@id":"https:\/\/terminusaquo.eu\/teatr\/#organization"},"image":{"@id":"https:\/\/terminusaquo.eu\/teatr\/nie-mowienia\/#primaryimage"},"thumbnailUrl":"https:\/\/terminusaquo.eu\/teatr\/wp-content\/uploads\/2013\/11\/nie-do-mowienia.jpg","articleSection":["Sceniczne","Spektakle"],"inLanguage":"en-US"},{"@type":"WebPage","@id":"https:\/\/terminusaquo.eu\/teatr\/nie-mowienia\/","url":"https:\/\/terminusaquo.eu\/teatr\/nie-mowienia\/","name":"Nie do m\u00f3wienia - Sceniczne, Spektakle -","isPartOf":{"@id":"https:\/\/terminusaquo.eu\/teatr\/#website"},"primaryImageOfPage":{"@id":"https:\/\/terminusaquo.eu\/teatr\/nie-mowienia\/#primaryimage"},"image":{"@id":"https:\/\/terminusaquo.eu\/teatr\/nie-mowienia\/#primaryimage"},"thumbnailUrl":"https:\/\/terminusaquo.eu\/teatr\/wp-content\/uploads\/2013\/11\/nie-do-mowienia.jpg","datePublished":"2013-11-05T21:28:11+00:00","breadcrumb":{"@id":"https:\/\/terminusaquo.eu\/teatr\/nie-mowienia\/#breadcrumb"},"inLanguage":"en-US","potentialAction":[{"@type":"ReadAction","target":["https:\/\/terminusaquo.eu\/teatr\/nie-mowienia\/"]}]},{"@type":"ImageObject","inLanguage":"en-US","@id":"https:\/\/terminusaquo.eu\/teatr\/nie-mowienia\/#primaryimage","url":"https:\/\/terminusaquo.eu\/teatr\/wp-content\/uploads\/2013\/11\/nie-do-mowienia.jpg","contentUrl":"https:\/\/terminusaquo.eu\/teatr\/wp-content\/uploads\/2013\/11\/nie-do-mowienia.jpg","width":764,"height":400,"caption":"nie do mowienia"},{"@type":"BreadcrumbList","@id":"https:\/\/terminusaquo.eu\/teatr\/nie-mowienia\/#breadcrumb","itemListElement":[{"@type":"ListItem","position":1,"name":"Teatr TAQ","item":"https:\/\/terminusaquo.eu\/teatr\/"},{"@type":"ListItem","position":2,"name":"Spektakle","item":"https:\/\/terminusaquo.eu\/teatr\/spektakle\/"},{"@type":"ListItem","position":3,"name":"Sceniczne","item":"https:\/\/terminusaquo.eu\/teatr\/spektakle\/sceniczne\/"},{"@type":"ListItem","position":4,"name":"Nie do m\u00f3wienia"}]},{"@type":"WebSite","@id":"https:\/\/terminusaquo.eu\/teatr\/#website","url":"https:\/\/terminusaquo.eu\/teatr\/","name":"Teatr Terminus A Quo","description":"","publisher":{"@id":"https:\/\/terminusaquo.eu\/teatr\/#organization"},"potentialAction":[{"@type":"SearchAction","target":{"@type":"EntryPoint","urlTemplate":"https:\/\/terminusaquo.eu\/teatr\/?s={search_term_string}"},"query-input":{"@type":"PropertyValueSpecification","valueRequired":true,"valueName":"search_term_string"}}],"inLanguage":"en-US"},{"@type":"Organization","@id":"https:\/\/terminusaquo.eu\/teatr\/#organization","name":"Teatr Terminus A Quo","url":"https:\/\/terminusaquo.eu\/teatr\/","logo":{"@type":"ImageObject","inLanguage":"en-US","@id":"https:\/\/terminusaquo.eu\/teatr\/#\/schema\/logo\/image\/","url":"https:\/\/terminusaquo.eu\/teatr\/wp-content\/uploads\/2013\/08\/cropped-taq-news-logo.png","contentUrl":"https:\/\/terminusaquo.eu\/teatr\/wp-content\/uploads\/2013\/08\/cropped-taq-news-logo.png","width":233,"height":238,"caption":"Teatr Terminus A Quo"},"image":{"@id":"https:\/\/terminusaquo.eu\/teatr\/#\/schema\/logo\/image\/"},"sameAs":["https:\/\/www.facebook.com\/terminusaquo"]},{"@type":"Person","@id":"https:\/\/terminusaquo.eu\/teatr\/#\/schema\/person\/76dc769bf2139b975dc161c0184732c0","name":"Teatr TAQ","image":{"@type":"ImageObject","inLanguage":"en-US","@id":"https:\/\/terminusaquo.eu\/teatr\/#\/schema\/person\/image\/","url":"https:\/\/secure.gravatar.com\/avatar\/2ab5fc173a67d7214d768b697dbbe2b6a8e725bfc11a7dd8377e4b5213b79fb4?s=96&d=mm&r=g","contentUrl":"https:\/\/secure.gravatar.com\/avatar\/2ab5fc173a67d7214d768b697dbbe2b6a8e725bfc11a7dd8377e4b5213b79fb4?s=96&d=mm&r=g","caption":"Teatr TAQ"}}]}},"_links":{"self":[{"href":"http:\/\/terminusaquo.eu\/teatr\/en\/wp-json\/wp\/v2\/posts\/641","targetHints":{"allow":["GET"]}}],"collection":[{"href":"http:\/\/terminusaquo.eu\/teatr\/en\/wp-json\/wp\/v2\/posts"}],"about":[{"href":"http:\/\/terminusaquo.eu\/teatr\/en\/wp-json\/wp\/v2\/types\/post"}],"author":[{"embeddable":true,"href":"http:\/\/terminusaquo.eu\/teatr\/en\/wp-json\/wp\/v2\/users\/1"}],"replies":[{"embeddable":true,"href":"http:\/\/terminusaquo.eu\/teatr\/en\/wp-json\/wp\/v2\/comments?post=641"}],"version-history":[{"count":0,"href":"http:\/\/terminusaquo.eu\/teatr\/en\/wp-json\/wp\/v2\/posts\/641\/revisions"}],"wp:featuredmedia":[{"embeddable":true,"href":"http:\/\/terminusaquo.eu\/teatr\/en\/wp-json\/wp\/v2\/media\/642"}],"wp:attachment":[{"href":"http:\/\/terminusaquo.eu\/teatr\/en\/wp-json\/wp\/v2\/media?parent=641"}],"wp:term":[{"taxonomy":"category","embeddable":true,"href":"http:\/\/terminusaquo.eu\/teatr\/en\/wp-json\/wp\/v2\/categories?post=641"},{"taxonomy":"post_tag","embeddable":true,"href":"http:\/\/terminusaquo.eu\/teatr\/en\/wp-json\/wp\/v2\/tags?post=641"}],"curies":[{"name":"wp","href":"https:\/\/api.w.org\/{rel}","templated":true}]}}