{"id":2,"date":"2012-05-06T18:48:15","date_gmt":"2012-05-06T16:48:15","guid":{"rendered":"http:\/\/terminusaquo.eu\/teatr\/go\/"},"modified":"2016-02-17T10:12:32","modified_gmt":"2016-02-17T09:12:32","slug":"go","status":"publish","type":"post","link":"https:\/\/terminusaquo.eu\/teatr\/go\/","title":{"rendered":"GO!"},"content":{"rendered":"<h4 class=\"spektakle\">O spektaklu<\/h4>\n<p>Spektakl &#8222;GO!&#8221; powsta\u0142 jako wypowied\u017a artystyczna grupy, wobec zjawiska powszechnej komercjalizacji \u017cycia artystycznego w og\u00f3le. &#8222;GO!&#8221; jest kontrpropozycj\u0105 wobec spektakli innych teatr\u00f3w ulicznych zbudowanych na bazie wielkich scenografii oraz efekt\u00f3w cyrkowo-pirotechnicznych. &#8222;TERMINUS A QUO&#8221; zawar\u0142 w tym spektaklu przes\u0142anie &#8222;teatru ubogiego&#8221; jakiemu jest wierny od pocz\u0105tku swej dzia\u0142alno\u015bci &#8211; sk\u0142adaj\u0105c tym samym ho\u0142d nieod\u017ca\u0142owanemu mistrzowi i tw\u00f3rcy teorii &#8211; Jerzemu Grotowskiemu.<\/p>\n<p>W &#8222;GO!&#8221; wa\u017cna jest zar\u00f3wno tre\u015b\u0107 jak i forma. Dla &#8222;TERMINUSA&#8221; bowiem wa\u017cne jest w r\u00f3wnej mierze przes\u0142anie intelektualne jak i uroda plastyczna spektaklu &#8211; to presja, kt\u00f3r\u0105 wywiera Edward Gramont na swoich aktorach i odbiorcach.<\/p>\n<p>&#8222;GO!&#8221; pomimo ubogiej formy jest spektaklem intelektualnym, gdy\u017c wymaga od widza postawy tw\u00f3rczej &#8211; stawia widzowi w\u0142asny spos\u00f3b interpretacji &#8211; tego, czego akurat jest \u015bwiadkiem.<\/p>\n<p>&#8222;GO!&#8221; wymaga od widza percepcji i nie jest to przypadek skrajny lecz faktycznie norma. Na spektaklach &#8222;TERMINUSA&#8221; widz nie mo\u017ce by\u0107 oboj\u0119tny, musi my\u015ble\u0107. Niemy obraz w postaci komiksu nie wystarcza bowiem by osi\u0105gn\u0105\u0107 pe\u0142ni\u0119, potrzebna jest wyobra\u017ania.<\/p>\n<p><strong>Kilka s\u0142\u00f3w o spektaklu.<\/strong><br \/>\nW miejscu akcji pojawia si\u0119 kilkunastu aktor\u00f3w, kt\u00f3rzy od samego pocz\u0105tku kreuj\u0105 si\u0119 na beznami\u0119tny, mechanicznie reaguj\u0105cy t\u0142um. S\u0105 ubrani w czarne garnitury, bia\u0142e koszule, nosz\u0105 krawaty. Od pocz\u0105tku do ko\u0144ca spektaklu chodz\u0105. Czasami k\u0142ad\u0105 si\u0119 na ziemi, czasami siedz\u0105, czasami nieruchomiej\u0105. Reaguj\u0105 wy\u0142\u0105cznie na sygna\u0142, w postaci ostrego gwizdka. Ten t\u0142um ma w sobie co\u015b chorobliwego, co\u015b nienaturalnego, jaki\u015b bezduszny system. Ci ludzie nie s\u0105 szcz\u0119\u015bliwi, pozbawieni  jakichkolwiek emocji, jakichkolwiek  prze\u017cy\u0107.<\/p>\n<p>Katastroficzny obraz cyberprzestrzeni. Obraz spo\u0142ecze\u0144stwa zawini\u0119tego w opakowaniu naszej cywilizacji gdzie\u015b pomi\u0119dzy Tokyo, Los Angeles, Czengtu, Niemodlinem. A w\u0142a\u015bciwie to wcale nie pomi\u0119dzy &#8211; ale tam w\u0142a\u015bnie. Spektakl idealnie dopasowuje si\u0119 do miejskich deptak\u00f3w i rynk\u00f3w  du\u017cych i ma\u0142ych miast z przypadkowymi widzami na okras\u0119.<\/p>\n<p>Akcja spektaklu to siedem po\u0142\u0105czonych ze sob\u0105 etiud, kt\u00f3rych \u0142\u0105czny czas wynosi 55 minut. Przy konstruowaniu spektaklu Edward Gramont opr\u00f3cz w\u0142asnych koncepcji, wykorzysta\u0142 pomys\u0142y cz\u0142onk\u00f3w grupy: Jakuba Kaprala, Tomasza Michniewicza, Anety Sznajdrowskiej, Magdaleny Obuchowskiej. <\/p>\n<h4 class=\"spektakle\">Galeria<\/h4>\nngg_shortcode_0_placeholder\n<h4 class=\"spektakle\">Geneza<\/h4>\n<p>92 premiera Teatru TAQ, mia\u0142a miejsce w Toruniu na deptaku miejskim na ul. Szerokiej ko\u0142o zegara  25 kwietnia 1998roku podczas VI og\u00f3lnopolskiego Festiwalu &#8222;POBOCZA TEATRU&#8221;.<\/p>\n<p>Podstawa skonstruowania tego spektaklu, to inspiracja Edwarda Gramonta by spektakl zrodzi\u0142 si\u0119 z pomys\u0142\u00f3w cz\u0142onk\u00f3w Teatru TAQ. Powsta\u0142y elementy konstrukcyjne poszczeg\u00f3lnych etiud autorstwa: Anety Sznajdrowskiej, Magdaleny Obuchowskiej, Edwarda Gramonta, Jakuba Kaprala i Tomasza Michniewicza. <\/p>\n<h4 class=\"spektakle\">Aktorzy<\/h4>\n<p><strong>Obecny sk\u0142ad zespo\u0142u<\/strong><br \/>\nNatalia Baik, Adriana Bo\u015b, Magdalena Budzyniak, Katarzyna Brzoza, Monika Chojnacka, Ewelina Chorab, Marta Chor\u0105\u017cyk, Kinga Nowak, Katarzyna Peca, Ma\u0142gorzata Peca, Agata Remfeld, Aleksandra Samborska, Sylwia Wiszniewska, Edward Gramont, Eliasz Gramont, Konrad Gramont, Kamil Ksi\u0105dzyk, Cezary Molenda, Krzysztof Swereda, S\u0142awomir \u017barski, Adrian \u017bukoty\u0144ski<\/p>\n<p><strong>Pierwszy sk\u0142ad zespo\u0142u<\/strong><br \/>\nAgnieszka Brz\u00f3z, Halina Lech, Joanna Pa\u0142ka, Ma\u0142gorzata Plata, Agnieszka Szczepanik, Justyna Zbirko, Jakub Kapral, Wies\u0142aw Majos, Tomasz Michniewicz, Jakub Osypi\u0144ski<\/p>\n<h4 class=\"spektakle\">Kronika<\/h4>\n<p>Ilo\u015b\u0107 wystawie\u0144 sztuki: 108<\/p>\n<p><strong>Wa\u017cniejsze wystawienia sztuki: <\/strong><\/p>\n<li>24 maja 1998 &#8211; Brzeg. Rynek. Dni Brzegu<\/li>\n<li>30 maja 1998 &#8211; Ko\u017cuch\u00f3w. Rynek. Dni Ziemi Ko\u017cuchowskiej<\/li>\n<li>3 czerwca 1998 &#8211; \u0141ag\u00f3w Lubuski. Parking przed zamkiem. Plener malarski &#34;Przyroda moich okolic&#34;<\/li>\n<li>4 czerwca 1998 &#8211; Nowa S\u00f3l. ul. Pi\u0142sudskiego k\/S\u0105du. Dni Nowej Soli<\/li>\n<li>14 czerwca 1998 &#8211; Jelenia G\u00f3ra. Deptak miejski ul. 1 Maja. Interdyscyplinarne Warsztaty Artystyczne KLAMRA &#39;98<\/li>\n<li>16 czerwca 1998 &#8211; Kalisz. Rynek. 5 Festiwal Artystycznych Dzia\u0142a\u0144 Ulicznych &#34;LA STRADA&#34;<\/li>\n<li>19 czerwca 1998 &#8211; Nowa S\u00f3l. ul. Pi\u0142sudskiego k\/S\u0105du. Wojew\u00f3dzki Przegl\u0105d Teatr\u00f3w Amatorskich &#8211; WOPTA&#39;98<\/li>\n<li>26-27 czerwca 1998 &#8211; Pozna\u0144. Rynek. VIII Mi\u0119dzynarodowy Festiwal Teatralny &#8211; MALTA&#39;98<\/li>\n<li>28 czerwca 1998 &#8211; \u0141ag\u00f3w Lubuski. Parking k\/zamku. VIII Mi\u0119dzynarodowy Festiwal Teatralny &#8211; MALTA W \u0142AGOWIE<\/li>\n<li>9 lipca 1998 &#8211; \u017bary. Deptak. Mi\u0119dzynarodowy Festiwal Teatr\u00f3w Ulicznych &#8211; \u017bary&#39;98<\/li>\n<li>17 sierpnia 1998 &#8211; Sandomierz. Rynek<\/li>\n<li>24 sierpnia 1998 &#8211; Szyd\u0142owiec. Deptak miejski ul. Radomska.<\/li>\n<li>I Prezentacje Dzia\u0142a\u0144 Alternatywnych<\/li>\n<li>31 sierpnia 1998 &#8211; Lipsko. Plac przed Lipskim Centrum Kultury<\/li>\n<li>9 wrze\u015bnia 1998 &#8211; Zielona G\u00f3ra. Deptak. Dni Zielonej G\u00f3ry &#34;WINOBRANIE&#34;<\/li>\n<li>25 wrze\u015bnia 1998 &#8211; Nowa S\u00f3l. Park ul. Zjednoczenia. III Meeting Teatr\u00f3w Alternatywnych &#8211; META&#39;98<\/li>\n<li>27 marca 1999 &#8211; Krak\u00f3w. Rynek G\u0142\u00f3wny. 24 Krakowskie Reminiscencje Teatralne<\/li>\n<li>8 czerwca 1999 &#8211; Potsdam (Niemcy). Plac przed Wilhelm Galerie. 6 Osteneuropeisch-Deutsches festival fur off theater<\/li>\n<li>18 czerwca 1999 &#8211; Zb\u0105szy\u0144. Rynek. Dni Zb\u0105szynia<\/li>\n<li>28 czerwca 1999 &#8211; Lublin. Plac Litewski.<\/li>\n<li>2 lipca 1999 &#8211; Ko\u015bcian. 9 Mi\u0119dzynarodowy Festiwal Teatralny &#8211; MALTA&#39;99, MALTA BIS<\/li>\n<li>3 lipca 1999 &#8211; Pozna\u0144. Parking przed Hipermarketem M-1. 9 Mi\u0119dzynarodowy Festiwal Teatralny &#8211; MALTA&#39;99<\/li>\n<li>16 sierpnia 1999 &#8211; Hrubiesz\u00f3w. Park przed pomnikiem Boles\u0142awa Prusa<\/li>\n<li>24 sierpnia 1999 &#8211; Szyd\u0142owiec. Deptak miejski ul. Radomska. II Prezentacje Dzia\u0142a\u0144 Alternatywnych<\/li>\n<li>11 wrze\u015bnia 1999 &#8211; Krosno Odrza\u0144skie. Plac przed bankiem WBK<\/li>\n<li>9 pa\u017adziernika 1999 &#8211; Lublin. Plac przed Centrum Kultury. IV Mi\u0119dzynarodowy Festiwal Teatralny w Lublinie &#8211; Konfrontacje Teatralne<\/li>\n<li>11 grudnia 1999 &#8211; \u0141\u00f3d\u017a. Hipermarket BILLA. \u0141\u00f3dzkie Spotkania Teatralne<\/li>\n<li>14 maja 2000 &#8211; Pniewy. Rynek. II Og\u00f3lnopolski Festiwal Teatr\u00f3w Ulicznych Dzieci i M\u0142odzie\u017cy<\/li>\n<li>24 czerwca 2000 &#8211; Bartoszyce. ul. K\u0119trzy\u0144ska. Dni Kultury Alternatywnej<\/li>\n<li>21 lipca 2000 \u2013 Inow\u0142\u00f3dz. Plac Kazimierza Wielkiego. Festiwal w Krajobrazie<\/li>\n<li>5 sierpnia 2000 &#8211; S\u0142awa. Parking przy GS. Dni S\u0142awy<\/li>\n<li>11 sierpnia 2000 &#8211; Gryb\u00f3w. Park Miejski. Dni Ziemi Grybowskiej<\/li>\n<li>14 sierpnia 2000 &#8211; Kamie\u0144 Pomorski. Kamie\u0144skie Spotkania Teatr\u00f3w Ulicznych<\/li>\n<li>2 wrze\u015bnia 2000 &#8211; K\u0142odzko. Stadion OSiR. V K\u0142odzkie Lato Artystyczne<\/li>\n<li>22 pa\u017adziernika 2000 &#8211; \u0141owicz. Rynek. Drugi Obieg Art Festiwal 2<\/li>\n<li>10 listopada 2000 &#8211; Suwa\u0142ki. ul. Ch\u0142odna. V Suwalskie Eksploracje Teatralne &#8211; SET 2000<\/li>\n<li>15 maja 2001 &#8211; Zielona Gora. Parking przed amfiteatrem. Dni Kultury Studenckiej &#34;BACHANALIA&#34;<\/li>\n<li>24 maja 2001 &#8211; Kielce. ul. H. Sienkiewicza. Kielecka Wiosna Kulturalna &#8211; Juwenalia 2001<\/li>\n<li>2 czerwca 2001 &#8211; Nowa S\u00f3l. Parking przed supermarketem &#34;Szalony Max&#34;. Dni Nowej Soli<\/li>\n<li>28 lipca 2001 &#8211; My\u015blib\u00f3rz. Rynek. Mi\u0119dzynarodowy Festiwal Ma\u0142ych Form Teatralnych<\/li>\n<li>26 sierpnia 2001 &#8211; Witnica. Amfiteatr. Po\u017cegnanie Lata<\/li>\n<li>9 listopada 2001 &#8211; Marijampole (Litwa). Plac przed Centrum Kultury. VI Suwalskie Eksploracje Teatralne &#8211; SET 2001<\/li>\n<li>2 czerwca 2002 &#8211; Nowa S\u00f3l. dziedziniec Zespo\u0142u Szk\u00f3\u0142 Elektrycznych &#34;ELEKTRYK&#34;. Dni Nowej Soli<\/li>\n<li>30 maja 2003 &#8211; Nowa S\u00f3l. O\u015brodek Rekreacyjny &#34;Kacza G\u00f3rka&#34;. Dni Nowej Soli<\/li>\n<li>31 maja 2003 &#8211; Cieszyn. Rynek<\/li>\n<li>1 sierpnia 2003 &#8211; Lubiat\u00f3w k\/S\u0142awy. Warsztaty Multiartystyczne<\/li>\n<li>23 sierpnia 2003 &#8211; Frankfurt\/Oder (Niemcy). Insel Ziegenwerder. Festival Europagarten 2003<\/li>\n<li>24 marca 2004 &#8211; \u015awidnica k\/Zielonej G\u00f3ry. Gimnazjum Gminne. \u015awidnickie Dni Teatru<\/li>\n<li>30 kwietnia 2004 &#8211; Zielona G\u00f3ra. Deptak miejski ul. \u017beromskiego.<\/li>\n<li>&#34;Europa bez kurtyny&#34;<\/li>\n<li>1 maja 2004 &#8211; Oty\u0144. Rynek. &#34;Maj\u00f3wka Europejska&#34;<\/li>\n<li>24 lipca 2004 &#8211; Inow\u0142\u00f3dz. Plac przed Ochotnicz\u0105 Stra\u017c\u0105 Po\u017carn\u0105. Festiwal w Krajobrazie<\/li>\n<li>14 pa\u017adziernika 2004 &#8211; Gniezno. Dziedziniec Collegium Europeanum, Uniwersytet im. A. Mickiewicza. VII Pozna\u0144ski Festiwal Nauki i Sztuki. I Festiwal &#34;FESTA FATUORUM&#34;<\/li>\n<li>18 czerwca 2005 &#8211; Kielce. Plac Wolno\u015bci. I Og\u00f3lnopolskie Spotkania Teatr\u00f3w Ulicznych &#34;BRUKOWISKO&#34;. Festiwal Kultury Niezale\u017cnej Alternatiff<\/li>\n<li>7 lipca 2005 &#8211; S\u0142upca. ul. Armii Krajowej. Festiwal Europrowincjonalia<\/li>\n<li>16 maja 2006 &#8211; Lublin. Parking przed Akademickim Centrum Kultury &#34;Chatka \u017baka&#34;. Lubelskie Dni Kultury Studenckiej<\/li>\n<li>&#34;KOZIENALIA 2006&#34;<\/li>\n<li>2 lipca 2006 &#8211; G\u0142og\u00f3w. Rynek G\u0142ogowski<\/li>\n<li>8 lipca 2006 &#8211; \u015awidnica. Rynek. IX Festiwal Teatru Otwartego &#8211; \u015awidnica 2006<\/li>\n<li>8 pa\u017adziernika 2006 &#8211; Nowa S\u00f3l. Parking przed siedzib\u0105 Teatru TAQ. \u015awi\u0119to 30 lat TAQ<\/li>\n<li>11 maja 2007 &#8211; G\u0142og\u00f3w. Dziedziniec Pa\u0144stwowej Wy\u017cszej Szko\u0142y Zawodowej &#8211; Juwenalia<\/li>\n<li>26 maja 2007 &#8211; Tomasz\u00f3w Mazowiecki. Dziedziniec Muzeum w Tomaszowie Mazowieckim. 80 lat Muzeum w Tomaszowie<\/li>\n<li>12 lipca 2007 &#8211; S\u0142awa. 40 urodziny Marka Cholewy<\/li>\n<li>2 sierpnia 2007 &#8211; Kostrzyn nad Odr\u0105. XIII Przystanek Woodstock<\/li>\n<li>11 sierpnia 2007 &#8211; I\u0142awa. Stare Miasto. Impreza towarzysz\u0105ca festiwalowi muzycznemu OLD JAZZ MEETENG<\/li>\n<li>1 wrze\u015bnia 2007 &#8211; Borzykowo k\/Pyzdr. Spotkanie na granicy KARAWANA JEDNO\u015aCI<\/li>\n<li>16 wrze\u015bnia 2007 &#8211; Ole\u015bnica. X DNI EUROPY W OLE\u015aNICY &#34;SZTUKA NIE ZNA GRANIC&#34;<\/li>\n<li>9 maja 2008 &#8211; Nowa S\u00f3l. Plac Wyzwolenia. Spektakl z okazji 10 lat od premiery sztuki<\/li>\n<li>5 czerwca 2008 &#8211; Nowa S\u00f3l. Dziedziniec Odlewniaka. Spektakl dla go\u015bci z Ukrainy<\/li>\n<li>2 maja 2009 \u2013Nowe Miasteczko. Rynek.<\/li>\n<li>16 maja 2009 \u2013 Zielona G\u00f3ra. Dziedziniec szkolny Gimnazjum nr 8<\/li>\n<li>24 maja 2009 \u2013 Przemk\u00f3w. Dziedziniec przed ko\u015bcio\u0142em na osiedlu. Festyn parafialny<\/li>\n<li>18 lipca 2009 \u2013 Jarocin. Rynek<\/li>\n<li>19 lipca 2009 \u2013 Jarocin. Rynek<\/li>\n<li>9 wrze\u015bnia 2009 \u2013 Nowa S\u00f3l. Plac Wyzwolenia. Wizyta Thomasa Richarda<\/li>\n<li>11 wrze\u015bnia 2009 \u2013 Mogilno. Plac Targowy<\/li>\n<li>8 listopada 2009 \u2013 Wroc\u0142aw. Rynek, nieopodal wej\u015bcia do O\u015brodka Jerzego Grotowskiego. Zero Budget Festiwal<\/li>\n<li>30 lipca 2010 \u2013 Bydgoszcz. Stary Rynek. LETNI PRZEGL\u0104D TEATR\u00d3W OFFOWYCH Akcja 30.07.2010<\/li>\n<li>7 wrze\u015bnia 2010 \u2013 Zielona G\u00f3ra. Rynek. DNI ZIELONEJ G\u00d3RY \u2013 WINOBRANIE<\/li>\n<li>30 kwietnia 2011 \u2013 Gniezno. Rynek. XI REGIONALNY MITYNG TEATRALNY im. S\u0141AWKA KUCZKOWSKIEGO<\/li>\n<li>3 maja 2011 \u2013 Bytom Odrza\u0144ski. Rynek<\/li>\n<li>12 czerwca 2011 \u2013 Krosno Odrza\u0144skie. Zamek Piastowski. DNI KROSNA ODRZA\u0143SKIEGO<\/li>\n<li>25 czerwca 2011 \u2013 Bolk\u00f3w. Zamek Bolk\u00f3w. DNI KULTURY RYCERSKIEJ<\/li>\n<li>10 lipca 2011 \u2013 Pszczyna. Rynek. 3 PSZCZY\u0143SKI WEEKEND TEATRALNY<\/li>\n<li>20 sierpnia 2011 \u2013 Nowa S\u00f3l. Plac Powsta\u0144c\u00f3w \u015al\u0105skich i Wielkopolskich przed pomnikiem. 3 SOLANIN FILM FESTIWAL<\/li>\n<li>15 pa\u017adziernika 2011 \u2013 \u015awidnica. Rynek. IV FESTIWAL FILM\u00d3W DOKUMENTALNYCH \u201eOKIEM M\u0141ODYCH\u201d<\/li>\n<li>30 czerwca 2012 \u2013 Nowa S\u00f3l. Plac Wyzwolenia. NOCNE SPOTKANIA TEATRALNE.  LETNIE ARTYSTOWSKIE PREZENTACJE CIEKAWYCH INSCENIZACJI OFF TEATRU \u2013 LAPCIO 2012<\/li>\n<li>26 lipca 2012 \u2013 Zielona G\u00f3ra. Deptak zielonog\u00f3rski, Al. Niepodleg\u0142o\u015bci. MI\u0118DZYNARODOWY FESTIWAL KINA AUTORSKIEGO \u201eQUEST EUROPE\u201d<\/li>\n<li>17 maja 2013 \u2013 \u015awiebodzin. Rynek. NOC W MUZEUM<\/li>\n<li>18 maja 2013 \u2013 Zielona G\u00f3ra. Gimnazjum nr 8. FESTYN NA OSIEDLU POMORSKIM<\/li>\n<li>25 maja 2013 \u2013 Krosno Odrza\u0144skie. DNI KROSNA ODRZA\u0143SKIEGO. TRANSGRANICZNY FESTIWAL SZTUKI ULICZNEJ \u201eSTREET ART &#038; EDU\u201d<\/li>\n<li>29 czerwca 2013 \u2013 Jedlina Zdr\u00f3j. XXI MI\u0118DZYNARODOWY FESTIWAL TEATR\u00d3W ULICZNYCH<\/li>\n<li>12 lipca 2013 \u2013 Zielona G\u00f3ra. Centrum miasta \u2013 akrzy\u017cowanie ulic \u017beromskiego i Kupieckiej. RADIO PLUS NA DEPTAKU<\/li>\n<li>3 sierpnia 2013 \u2013 Kostrzyn nad Odr\u0105. Plac Wojska Polskiego. XIX PRZYSTANEK WOODSTOCK<\/li>\n<li>17 sierpnia 2013 \u2013 Ochla. Dzika Ochla. MINI OPEN AIR<\/li>\n<li>21 wrze\u015bnia 2013 \u2013 Drawsko Pomorskie. Plac Leopolda Kuczerawego. I DRAWSKI FESTIWAL TEATR\u00d3W ALTERNATYWNYCH<\/li>\n<li>2 lutego 2014 \u2013 Szczecin. Zamek Ksi\u0105\u017c\u0105t Pomorskich. ZACHODNIOPOMORSKIE \u2013 UKRAINIE<\/li>\n<li>20 kwietnia 2014 \u2013 Zielona G\u00f3ra. Klub I PI\u0118TRO. ELECTRIC FLASH<\/li>\n<li>10 maja 2014 \u2013 Pozna\u0144. Ulica Paderewskiego. 1 ROCZNICA SK\u0141OTU OD-ZYSK<\/li>\n<li>26 maja 2014 \u2013 Zielona G\u00f3ra. Ul. \u017beromskiego \u2013 deptak. Na zaproszenie Galerii \u201eU Jad\u017aki\u201d<\/li>\n","protected":false},"excerpt":{"rendered":"<p>O spektaklu Spektakl &#8222;GO!&#8221; powsta\u0142 jako wypowied\u017a artystyczna grupy, wobec zjawiska powszechnej komercjalizacji \u017cycia artystycznego w og\u00f3le. &#8222;GO!&#8221; jest kontrpropozycj\u0105 wobec spektakli innych teatr\u00f3w ulicznych zbudowanych na bazie wielkich scenografii oraz efekt\u00f3w cyrkowo-pirotechnicznych. &#8222;TERMINUS A QUO&#8221; zawar\u0142 w tym spektaklu przes\u0142anie &#8222;teatru ubogiego&#8221; jakiemu jest wierny od pocz\u0105tku swej dzia\u0142alno\u015bci &#8211; sk\u0142adaj\u0105c tym samym ho\u0142d [&hellip;]<\/p>\n","protected":false},"author":1,"featured_media":230,"comment_status":"open","ping_status":"open","sticky":false,"template":"","format":"standard","meta":{"ngg_post_thumbnail":0,"footnotes":""},"categories":[6,4],"tags":[],"class_list":["post-2","post","type-post","status-publish","format-standard","has-post-thumbnail","hentry","category-plenerowe","category-spektakle"],"blocksy_meta":[],"yoast_head":"<!-- This site is optimized with the Yoast SEO plugin v24.5 - https:\/\/yoast.com\/wordpress\/plugins\/seo\/ -->\n<title>GO! - Plenerowe, Spektakle -<\/title>\n<meta name=\"robots\" content=\"index, follow, max-snippet:-1, max-image-preview:large, max-video-preview:-1\" \/>\n<link rel=\"canonical\" href=\"https:\/\/terminusaquo.eu\/teatr\/go\/\" \/>\n<meta property=\"og:locale\" content=\"pl_PL\" \/>\n<meta property=\"og:type\" content=\"article\" \/>\n<meta property=\"og:title\" content=\"GO! - Plenerowe, Spektakle -\" \/>\n<meta property=\"og:description\" content=\"O spektaklu Spektakl &#8222;GO!&#8221; powsta\u0142 jako wypowied\u017a artystyczna grupy, wobec zjawiska powszechnej komercjalizacji \u017cycia artystycznego w og\u00f3le. &#8222;GO!&#8221; jest kontrpropozycj\u0105 wobec spektakli innych teatr\u00f3w ulicznych zbudowanych na bazie wielkich scenografii oraz efekt\u00f3w cyrkowo-pirotechnicznych. &#8222;TERMINUS A QUO&#8221; zawar\u0142 w tym spektaklu przes\u0142anie &#8222;teatru ubogiego&#8221; jakiemu jest wierny od pocz\u0105tku swej dzia\u0142alno\u015bci &#8211; sk\u0142adaj\u0105c tym samym ho\u0142d [&hellip;]\" \/>\n<meta property=\"og:url\" content=\"https:\/\/terminusaquo.eu\/teatr\/go\/\" \/>\n<meta property=\"og:site_name\" content=\"Teatr Terminus A Quo\" \/>\n<meta property=\"article:publisher\" content=\"https:\/\/www.facebook.com\/terminusaquo\" \/>\n<meta property=\"article:published_time\" content=\"2012-05-06T16:48:15+00:00\" \/>\n<meta property=\"article:modified_time\" content=\"2016-02-17T09:12:32+00:00\" \/>\n<meta property=\"og:image\" content=\"https:\/\/terminusaquo.eu\/teatr\/wp-content\/uploads\/2012\/05\/go.jpg\" \/>\n\t<meta property=\"og:image:width\" content=\"770\" \/>\n\t<meta property=\"og:image:height\" content=\"243\" \/>\n\t<meta property=\"og:image:type\" content=\"image\/jpeg\" \/>\n<meta name=\"author\" content=\"Teatr TAQ\" \/>\n<meta name=\"twitter:label1\" content=\"Napisane przez\" \/>\n\t<meta name=\"twitter:data1\" content=\"Teatr TAQ\" \/>\n\t<meta name=\"twitter:label2\" content=\"Szacowany czas czytania\" \/>\n\t<meta name=\"twitter:data2\" content=\"8 minut\" \/>\n<script type=\"application\/ld+json\" class=\"yoast-schema-graph\">{\"@context\":\"https:\/\/schema.org\",\"@graph\":[{\"@type\":\"Article\",\"@id\":\"https:\/\/terminusaquo.eu\/teatr\/go\/#article\",\"isPartOf\":{\"@id\":\"https:\/\/terminusaquo.eu\/teatr\/go\/\"},\"author\":{\"name\":\"Teatr TAQ\",\"@id\":\"https:\/\/terminusaquo.eu\/teatr\/#\/schema\/person\/76dc769bf2139b975dc161c0184732c0\"},\"headline\":\"GO!\",\"datePublished\":\"2012-05-06T16:48:15+00:00\",\"dateModified\":\"2016-02-17T09:12:32+00:00\",\"mainEntityOfPage\":{\"@id\":\"https:\/\/terminusaquo.eu\/teatr\/go\/\"},\"wordCount\":1627,\"commentCount\":0,\"publisher\":{\"@id\":\"https:\/\/terminusaquo.eu\/teatr\/#organization\"},\"image\":{\"@id\":\"https:\/\/terminusaquo.eu\/teatr\/go\/#primaryimage\"},\"thumbnailUrl\":\"https:\/\/terminusaquo.eu\/teatr\/wp-content\/uploads\/2012\/05\/go.jpg\",\"articleSection\":[\"Plenerowe\",\"Spektakle\"],\"inLanguage\":\"pl-PL\",\"potentialAction\":[{\"@type\":\"CommentAction\",\"name\":\"Comment\",\"target\":[\"https:\/\/terminusaquo.eu\/teatr\/go\/#respond\"]}]},{\"@type\":\"WebPage\",\"@id\":\"https:\/\/terminusaquo.eu\/teatr\/go\/\",\"url\":\"https:\/\/terminusaquo.eu\/teatr\/go\/\",\"name\":\"GO! - Plenerowe, Spektakle -\",\"isPartOf\":{\"@id\":\"https:\/\/terminusaquo.eu\/teatr\/#website\"},\"primaryImageOfPage\":{\"@id\":\"https:\/\/terminusaquo.eu\/teatr\/go\/#primaryimage\"},\"image\":{\"@id\":\"https:\/\/terminusaquo.eu\/teatr\/go\/#primaryimage\"},\"thumbnailUrl\":\"https:\/\/terminusaquo.eu\/teatr\/wp-content\/uploads\/2012\/05\/go.jpg\",\"datePublished\":\"2012-05-06T16:48:15+00:00\",\"dateModified\":\"2016-02-17T09:12:32+00:00\",\"breadcrumb\":{\"@id\":\"https:\/\/terminusaquo.eu\/teatr\/go\/#breadcrumb\"},\"inLanguage\":\"pl-PL\",\"potentialAction\":[{\"@type\":\"ReadAction\",\"target\":[\"https:\/\/terminusaquo.eu\/teatr\/go\/\"]}]},{\"@type\":\"ImageObject\",\"inLanguage\":\"pl-PL\",\"@id\":\"https:\/\/terminusaquo.eu\/teatr\/go\/#primaryimage\",\"url\":\"https:\/\/terminusaquo.eu\/teatr\/wp-content\/uploads\/2012\/05\/go.jpg\",\"contentUrl\":\"https:\/\/terminusaquo.eu\/teatr\/wp-content\/uploads\/2012\/05\/go.jpg\",\"width\":770,\"height\":243,\"caption\":\"go\"},{\"@type\":\"BreadcrumbList\",\"@id\":\"https:\/\/terminusaquo.eu\/teatr\/go\/#breadcrumb\",\"itemListElement\":[{\"@type\":\"ListItem\",\"position\":1,\"name\":\"Teatr TAQ\",\"item\":\"https:\/\/terminusaquo.eu\/teatr\/\"},{\"@type\":\"ListItem\",\"position\":2,\"name\":\"Spektakle\",\"item\":\"https:\/\/terminusaquo.eu\/teatr\/spektakle\/\"},{\"@type\":\"ListItem\",\"position\":3,\"name\":\"Plenerowe\",\"item\":\"https:\/\/terminusaquo.eu\/teatr\/spektakle\/plenerowe\/\"},{\"@type\":\"ListItem\",\"position\":4,\"name\":\"GO!\"}]},{\"@type\":\"WebSite\",\"@id\":\"https:\/\/terminusaquo.eu\/teatr\/#website\",\"url\":\"https:\/\/terminusaquo.eu\/teatr\/\",\"name\":\"Teatr Terminus A Quo\",\"description\":\"\",\"publisher\":{\"@id\":\"https:\/\/terminusaquo.eu\/teatr\/#organization\"},\"potentialAction\":[{\"@type\":\"SearchAction\",\"target\":{\"@type\":\"EntryPoint\",\"urlTemplate\":\"https:\/\/terminusaquo.eu\/teatr\/?s={search_term_string}\"},\"query-input\":{\"@type\":\"PropertyValueSpecification\",\"valueRequired\":true,\"valueName\":\"search_term_string\"}}],\"inLanguage\":\"pl-PL\"},{\"@type\":\"Organization\",\"@id\":\"https:\/\/terminusaquo.eu\/teatr\/#organization\",\"name\":\"Teatr Terminus A Quo\",\"url\":\"https:\/\/terminusaquo.eu\/teatr\/\",\"logo\":{\"@type\":\"ImageObject\",\"inLanguage\":\"pl-PL\",\"@id\":\"https:\/\/terminusaquo.eu\/teatr\/#\/schema\/logo\/image\/\",\"url\":\"https:\/\/terminusaquo.eu\/teatr\/wp-content\/uploads\/2013\/08\/cropped-taq-news-logo.png\",\"contentUrl\":\"https:\/\/terminusaquo.eu\/teatr\/wp-content\/uploads\/2013\/08\/cropped-taq-news-logo.png\",\"width\":233,\"height\":238,\"caption\":\"Teatr Terminus A Quo\"},\"image\":{\"@id\":\"https:\/\/terminusaquo.eu\/teatr\/#\/schema\/logo\/image\/\"},\"sameAs\":[\"https:\/\/www.facebook.com\/terminusaquo\"]},{\"@type\":\"Person\",\"@id\":\"https:\/\/terminusaquo.eu\/teatr\/#\/schema\/person\/76dc769bf2139b975dc161c0184732c0\",\"name\":\"Teatr TAQ\",\"image\":{\"@type\":\"ImageObject\",\"inLanguage\":\"pl-PL\",\"@id\":\"https:\/\/terminusaquo.eu\/teatr\/#\/schema\/person\/image\/\",\"url\":\"https:\/\/secure.gravatar.com\/avatar\/2ab5fc173a67d7214d768b697dbbe2b6a8e725bfc11a7dd8377e4b5213b79fb4?s=96&d=mm&r=g\",\"contentUrl\":\"https:\/\/secure.gravatar.com\/avatar\/2ab5fc173a67d7214d768b697dbbe2b6a8e725bfc11a7dd8377e4b5213b79fb4?s=96&d=mm&r=g\",\"caption\":\"Teatr TAQ\"}}]}<\/script>\n<!-- \/ Yoast SEO plugin. -->","yoast_head_json":{"title":"GO! - Plenerowe, Spektakle -","robots":{"index":"index","follow":"follow","max-snippet":"max-snippet:-1","max-image-preview":"max-image-preview:large","max-video-preview":"max-video-preview:-1"},"canonical":"https:\/\/terminusaquo.eu\/teatr\/go\/","og_locale":"pl_PL","og_type":"article","og_title":"GO! - Plenerowe, Spektakle -","og_description":"O spektaklu Spektakl &#8222;GO!&#8221; powsta\u0142 jako wypowied\u017a artystyczna grupy, wobec zjawiska powszechnej komercjalizacji \u017cycia artystycznego w og\u00f3le. &#8222;GO!&#8221; jest kontrpropozycj\u0105 wobec spektakli innych teatr\u00f3w ulicznych zbudowanych na bazie wielkich scenografii oraz efekt\u00f3w cyrkowo-pirotechnicznych. &#8222;TERMINUS A QUO&#8221; zawar\u0142 w tym spektaklu przes\u0142anie &#8222;teatru ubogiego&#8221; jakiemu jest wierny od pocz\u0105tku swej dzia\u0142alno\u015bci &#8211; sk\u0142adaj\u0105c tym samym ho\u0142d [&hellip;]","og_url":"https:\/\/terminusaquo.eu\/teatr\/go\/","og_site_name":"Teatr Terminus A Quo","article_publisher":"https:\/\/www.facebook.com\/terminusaquo","article_published_time":"2012-05-06T16:48:15+00:00","article_modified_time":"2016-02-17T09:12:32+00:00","og_image":[{"width":770,"height":243,"url":"https:\/\/terminusaquo.eu\/teatr\/wp-content\/uploads\/2012\/05\/go.jpg","type":"image\/jpeg"}],"author":"Teatr TAQ","twitter_misc":{"Napisane przez":"Teatr TAQ","Szacowany czas czytania":"8 minut"},"schema":{"@context":"https:\/\/schema.org","@graph":[{"@type":"Article","@id":"https:\/\/terminusaquo.eu\/teatr\/go\/#article","isPartOf":{"@id":"https:\/\/terminusaquo.eu\/teatr\/go\/"},"author":{"name":"Teatr TAQ","@id":"https:\/\/terminusaquo.eu\/teatr\/#\/schema\/person\/76dc769bf2139b975dc161c0184732c0"},"headline":"GO!","datePublished":"2012-05-06T16:48:15+00:00","dateModified":"2016-02-17T09:12:32+00:00","mainEntityOfPage":{"@id":"https:\/\/terminusaquo.eu\/teatr\/go\/"},"wordCount":1627,"commentCount":0,"publisher":{"@id":"https:\/\/terminusaquo.eu\/teatr\/#organization"},"image":{"@id":"https:\/\/terminusaquo.eu\/teatr\/go\/#primaryimage"},"thumbnailUrl":"https:\/\/terminusaquo.eu\/teatr\/wp-content\/uploads\/2012\/05\/go.jpg","articleSection":["Plenerowe","Spektakle"],"inLanguage":"pl-PL","potentialAction":[{"@type":"CommentAction","name":"Comment","target":["https:\/\/terminusaquo.eu\/teatr\/go\/#respond"]}]},{"@type":"WebPage","@id":"https:\/\/terminusaquo.eu\/teatr\/go\/","url":"https:\/\/terminusaquo.eu\/teatr\/go\/","name":"GO! - Plenerowe, Spektakle -","isPartOf":{"@id":"https:\/\/terminusaquo.eu\/teatr\/#website"},"primaryImageOfPage":{"@id":"https:\/\/terminusaquo.eu\/teatr\/go\/#primaryimage"},"image":{"@id":"https:\/\/terminusaquo.eu\/teatr\/go\/#primaryimage"},"thumbnailUrl":"https:\/\/terminusaquo.eu\/teatr\/wp-content\/uploads\/2012\/05\/go.jpg","datePublished":"2012-05-06T16:48:15+00:00","dateModified":"2016-02-17T09:12:32+00:00","breadcrumb":{"@id":"https:\/\/terminusaquo.eu\/teatr\/go\/#breadcrumb"},"inLanguage":"pl-PL","potentialAction":[{"@type":"ReadAction","target":["https:\/\/terminusaquo.eu\/teatr\/go\/"]}]},{"@type":"ImageObject","inLanguage":"pl-PL","@id":"https:\/\/terminusaquo.eu\/teatr\/go\/#primaryimage","url":"https:\/\/terminusaquo.eu\/teatr\/wp-content\/uploads\/2012\/05\/go.jpg","contentUrl":"https:\/\/terminusaquo.eu\/teatr\/wp-content\/uploads\/2012\/05\/go.jpg","width":770,"height":243,"caption":"go"},{"@type":"BreadcrumbList","@id":"https:\/\/terminusaquo.eu\/teatr\/go\/#breadcrumb","itemListElement":[{"@type":"ListItem","position":1,"name":"Teatr TAQ","item":"https:\/\/terminusaquo.eu\/teatr\/"},{"@type":"ListItem","position":2,"name":"Spektakle","item":"https:\/\/terminusaquo.eu\/teatr\/spektakle\/"},{"@type":"ListItem","position":3,"name":"Plenerowe","item":"https:\/\/terminusaquo.eu\/teatr\/spektakle\/plenerowe\/"},{"@type":"ListItem","position":4,"name":"GO!"}]},{"@type":"WebSite","@id":"https:\/\/terminusaquo.eu\/teatr\/#website","url":"https:\/\/terminusaquo.eu\/teatr\/","name":"Teatr Terminus A Quo","description":"","publisher":{"@id":"https:\/\/terminusaquo.eu\/teatr\/#organization"},"potentialAction":[{"@type":"SearchAction","target":{"@type":"EntryPoint","urlTemplate":"https:\/\/terminusaquo.eu\/teatr\/?s={search_term_string}"},"query-input":{"@type":"PropertyValueSpecification","valueRequired":true,"valueName":"search_term_string"}}],"inLanguage":"pl-PL"},{"@type":"Organization","@id":"https:\/\/terminusaquo.eu\/teatr\/#organization","name":"Teatr Terminus A Quo","url":"https:\/\/terminusaquo.eu\/teatr\/","logo":{"@type":"ImageObject","inLanguage":"pl-PL","@id":"https:\/\/terminusaquo.eu\/teatr\/#\/schema\/logo\/image\/","url":"https:\/\/terminusaquo.eu\/teatr\/wp-content\/uploads\/2013\/08\/cropped-taq-news-logo.png","contentUrl":"https:\/\/terminusaquo.eu\/teatr\/wp-content\/uploads\/2013\/08\/cropped-taq-news-logo.png","width":233,"height":238,"caption":"Teatr Terminus A Quo"},"image":{"@id":"https:\/\/terminusaquo.eu\/teatr\/#\/schema\/logo\/image\/"},"sameAs":["https:\/\/www.facebook.com\/terminusaquo"]},{"@type":"Person","@id":"https:\/\/terminusaquo.eu\/teatr\/#\/schema\/person\/76dc769bf2139b975dc161c0184732c0","name":"Teatr TAQ","image":{"@type":"ImageObject","inLanguage":"pl-PL","@id":"https:\/\/terminusaquo.eu\/teatr\/#\/schema\/person\/image\/","url":"https:\/\/secure.gravatar.com\/avatar\/2ab5fc173a67d7214d768b697dbbe2b6a8e725bfc11a7dd8377e4b5213b79fb4?s=96&d=mm&r=g","contentUrl":"https:\/\/secure.gravatar.com\/avatar\/2ab5fc173a67d7214d768b697dbbe2b6a8e725bfc11a7dd8377e4b5213b79fb4?s=96&d=mm&r=g","caption":"Teatr TAQ"}}]}},"_links":{"self":[{"href":"https:\/\/terminusaquo.eu\/teatr\/wp-json\/wp\/v2\/posts\/2","targetHints":{"allow":["GET"]}}],"collection":[{"href":"https:\/\/terminusaquo.eu\/teatr\/wp-json\/wp\/v2\/posts"}],"about":[{"href":"https:\/\/terminusaquo.eu\/teatr\/wp-json\/wp\/v2\/types\/post"}],"author":[{"embeddable":true,"href":"https:\/\/terminusaquo.eu\/teatr\/wp-json\/wp\/v2\/users\/1"}],"replies":[{"embeddable":true,"href":"https:\/\/terminusaquo.eu\/teatr\/wp-json\/wp\/v2\/comments?post=2"}],"version-history":[{"count":0,"href":"https:\/\/terminusaquo.eu\/teatr\/wp-json\/wp\/v2\/posts\/2\/revisions"}],"wp:featuredmedia":[{"embeddable":true,"href":"https:\/\/terminusaquo.eu\/teatr\/wp-json\/wp\/v2\/media\/230"}],"wp:attachment":[{"href":"https:\/\/terminusaquo.eu\/teatr\/wp-json\/wp\/v2\/media?parent=2"}],"wp:term":[{"taxonomy":"category","embeddable":true,"href":"https:\/\/terminusaquo.eu\/teatr\/wp-json\/wp\/v2\/categories?post=2"},{"taxonomy":"post_tag","embeddable":true,"href":"https:\/\/terminusaquo.eu\/teatr\/wp-json\/wp\/v2\/tags?post=2"}],"curies":[{"name":"wp","href":"https:\/\/api.w.org\/{rel}","templated":true}]}}