{"id":443,"date":"2013-10-15T01:30:54","date_gmt":"2013-10-14T23:30:54","guid":{"rendered":"http:\/\/terminusaquo.eu\/teatr\/?p=443"},"modified":"2016-02-17T10:08:10","modified_gmt":"2016-02-17T09:08:10","slug":"prosto-w-twarz","status":"publish","type":"post","link":"https:\/\/terminusaquo.eu\/teatr\/prosto-w-twarz\/","title":{"rendered":"Prosto w Twarz"},"content":{"rendered":"<h4 class=\"spektakle\">O spektaklu<\/h4>\n<p>&#8222;<strong>Prosto w twarz<\/strong>&#8221; to spektakl wyj\u0105tkowy w dorobku Teatru TAQ. Powsta\u0142 w czasie stanu wojennego w Polsce, aczkolwiek jakby nie traktuje o realiach polskich z nastawieniem na polityk\u0119 gdy\u017c opowiada o problemach Ameryki \u0141aci\u0144skiej za spraw\u0105 autora tekst\u00f3w Luisa Britto Garcii, kt\u00f3ry jest mieszka\u0144cem Wenezueli. Niemniej jakie\u015b sugestywne paralele, maj\u0105 miejsce cho\u0107 spektakl jako ca\u0142o\u015b\u0107 jest raczej zbiorem obraz\u00f3w rodem z Ameryki, o wymowie spo\u0142ecznej ni\u017c logiczn\u0105 kontynuacj\u0105 nast\u0119puj\u0105cych po sobie akcji politycznych. Niemniej mo\u017cna dostrzec, \u017ce pewne patologiczne zjawiska spo\u0142eczne tak tam, jak i u nas w kraju wyst\u0119puj\u0105 z wi\u0119kszym lub mniejszym nasileniem. Wartko\u015b\u0107 akcji by\u0107 mo\u017ce troch\u0119 przes\u0142ania wa\u017cne tre\u015bci ale przecie\u017c i tak mo\u017cna wyselekcjonowa\u0107 takie zjawiska jak: \u0142obuzerstwo wyrwane wprost z ulicy, bezwzgl\u0119dno\u015b\u0107 organ\u00f3w prewencji, szalone pomys\u0142y szalonych naukowc\u00f3w, brak tolerancji na inno\u015b\u0107. Kapitalnym \u015brodkiem wyrazu, stosowanym od premiery jest operowanie i gra \u015bwiat\u0142a, kt\u00f3re cz\u0119sto atakuje widza \u2013 prosto w twarz. Bajzel podczas spektaklu sprawia wra\u017cenie wszechogarniaj\u0105cego chaosu, do tego stopnia, \u017ce podczas prezentacji spektaklu w S\u0142upsku w 1982 roku, Stanis\u0142aw Miedziewski okre\u015bli\u0142 TERMINUSA, mianem <strong>punk teater<\/strong>.<\/p>\n<h4 class=\"spektakle\">Galeria<\/h4>\nngg_shortcode_0_placeholder\n<h4 class=\"spektakle\">Geneza<\/h4>\n<p>14 Premiera Teatru TAQ, mia\u0142a miejsce, 10 marca 1982 roku, w Nowosolskim Domu Kultury &#8222;Budowlani&#8221; w Nowej Soli. Scenariusz sztuki napisa\u0142 Edward Gramont w oparciu o wybrane fragmenty prozy Luisa Britto Garcii z ksi\u0105\u017cki \u201eProsto w twarz\u201d, podparty fragmentem prozy Miguela Angela Asturiasa \u201eLegendy gwatemalskie\u201d. W obecnej wersji s\u0105 wy\u0142\u0105cznie teksty Luisa Britto Garcii. Inscenizacja i re\u017cyseria: Edward Gramont.<\/p>\n<h4 class=\"spektakle\">Aktorzy<\/h4>\n<p><strong>Obecny sk\u0142ad zespo\u0142u:<\/strong><br \/>\nMagdalena Budzyniak &#8211; genera\u0142<br \/>\nEliasz Gramont \u2013 profesor<br \/>\nKonrad Gramont \u2013 skazaniec<br \/>\nKatarzyna Peca \u2013 przyw\u00f3dca \u017culi<br \/>\noraz<br \/>\nCezary Molenda, Adriana Bo\u015b, Marta Chor\u0105\u017cyk, Ma\u0142gorzata Peca, Kamil Ksi\u0105dzyk, S\u0142awomir \u017barski<\/p>\n<p><strong>Pierwszy sk\u0142ad zespo\u0142u:<\/strong><br \/>\nIrena Kasprzak &#8211; genera\u0142<br \/>\nWaldemar Bu\u015bko \u2013 profesor<br \/>\nKarol Mirowicz \u2013 skazaniec<br \/>\nAnna Gerstenbeger \u2013 przyw\u00f3dca \u017culi<br \/>\nLucyna Staszek \u2013 podstolica<br \/>\noraz<br \/>\nWaldemar Wojno, Tomasz Bra\u017cewicz, Rafa\u0142 Jachacy<\/p>\n<h4 class=\"spektakle\">Kronika<\/h4>\n<p>Ilo\u015b\u0107 wystawie\u0144 sztuki: 46<\/p>\n<p><strong>Wa\u017cniejsze wystawienia sztuki: <\/strong><\/p>\n<li>27 marca 1982 \u2013 Cib\u00f3rz. Klub \u201eEskulap\u201d przy Neuropsychiatrycznym Zespole Opieki Zdrowotnej<\/li>\n<li>22 kwietnia 1982 &#8211; Zielona G\u00f3ra. Klub \u201eZatem\u201d Wy\u017cszej Szko\u0142y Pedagogicznej<\/li>\n<li>4 maja 1982 \u2013 G\u0142og\u00f3w. Osiedlowy Dom Kultury \u201eAzuryt\u201d<\/li>\n<li>5 maja 1982 &#8211; G\u0142og\u00f3w. Osiedlowy Dom Kultury \u201eAzuryt\u201d<\/li>\n<li>16 maja 1982 \u2013 S\u0142upsk. Miejski O\u015brodek Kultury. V S\u0141UPSKI TYDZIE\u0143 TEATRALNY<\/li>\n<li>22 maja 1982 \u2013 Bielawa. Zak\u0142adowy Dom Kultury \u201eBielbaw\u201d. DNI BIELAWY<\/li>\n<li>23 maja 1982 \u2013 Dzier\u017coni\u00f3w. Klub \u201ePegaz\u201d. Dzier\u017coniowski O\u015brodek Kultury. DNI DZIER\u017bONIOWA<\/li>\n<li>29 maja 1982 \u2013 Ko\u017cuch\u00f3w. Klub WSS \u201eSpo\u0142em\u201d. DNI ZIEMI KO\u017bUCHOWSKIEJ<\/li>\n<li>5 czerwca 1982 \u2013 Nowa S\u00f3l. Muzeum Regionalne. TURNIEJ POETYCKI O \u201ePIER\u015aCIE\u0143 KINGI\u201d<\/li>\n<li>27 lipca 1982 \u2013 Olecko. Miejsko Gminny O\u015brodek Kultury. SPOTKANIE TEATR\u00d3W AMATORSKICH &#8211; SZTAMA&#39;82<\/li>\n<li>8 wrze\u015bnia 1982 \u2013 Zielona G\u00f3ra. Klub Zielonog\u00f3rskiej Sp\u00f3\u0142dzielni Mieszkaniowej \u201ePod Hub\u0105\u201d<\/li>\n<li>27 listopada 1982 \u2013 Lubin. Dom Kultury Zag\u0142\u0119bia Miedziowego. I TEATRALNE SPOTKANIA nad ZIMNIC\u0104<\/li>\n<li>2 grudnia 1982 \u2013 Zielona G\u00f3ra. Zesp\u00f3\u0142 Szk\u00f3\u0142 Elektronicznych<\/li>\n<li>28 stycznia 1983 \u2013 Zielona G\u00f3ra. Klub \u201eU Jana\u201d Wy\u017cszej Szko\u0142y In\u017cynierskiej<\/li>\n<li>11 lutego 1983 \u2013 \u017bary. Klub \u201eWe\u0142kora\u201d<\/li>\n<li>18 lutego 1983 \u2013 Bytom Odrza\u0144ski. Dom Kultury<\/li>\n<li>4 marca 1983 \u2013 Nowa S\u00f3l. Nowosolski Dom Kultury \u201eBudowlani\u201d. MARIA\u017b TEATRU I ROCKA<\/li>\n<li>12 marca 1983 \u2013 Lublin. Katolicki Uniwersytet Lubelski<\/li>\n<li>28 kwietnia 1983 \u2013 Zielona G\u00f3ra. Klub \u201eChocho\u0142\u201d Wy\u017cszej Szko\u0142y Pedagogicznej<\/li>\n<li>30 kwietnia 1983 \u2013 Bielawa. Zak\u0142adowy Dom Kultury \u201eBieltex\u201d<\/li>\n<li>12 stycznia 1984 \u2013 Nowa S\u00f3l. Zak\u0142adowy Dom Kultury \u201eOdra\u201d<\/li>\n<li>15 stycznia 1984 \u2013 K\u0142odzko. K\u0142odzki O\u015brodek Kultury<\/li>\n<li>9 lutego 1984 \u2013 J\u00f3zef\u00f3w k\/S\u0142awy. O\u015brodek Wypoczynkowy LPBP<\/li>\n<li>10 lutego 1984 \u2013 \u017bary. \u017barski Dom Kultury<\/li>\n<li>3 marca 1984 &#8211; G\u0142og\u00f3w. Osiedlowy Dom Kultury \u201eAzuryt\u201d<\/li>\n<li>6 czerwca 1984 \u2013 Wroc\u0142aw. Uczelniany O\u015brodek Kultury \u201eIndex\u201d Uniwersytetu Wroc\u0142awskiego<\/li>\n<li>31 maja 1986 \u2013 Nowa S\u00f3l. Nowosolski Dom Kultury \u201eBudowlani\u201d<\/li>\n<li>9 kwietnia 1987 &#8211; Zielona G\u00f3ra. Klub \u201eZatem\u201d Wy\u017cszej Szko\u0142y Pedagogicznej<\/li>\n<li>25 kwietnia 1987 \u2013 Stargard Szczeci\u0144ski. Szko\u0142a Podstawowa nr 12<\/li>\n<li>15 pa\u017adziernika 1987 &#8211; Zielona G\u00f3ra. VII Liceum Og\u00f3lnokszta\u0142c\u0105ce<\/li>\n<li>31 maja 1990 \u2013 Nowa S\u00f3l. Nowosolski Dom Kultury \u201eBudowlani\u201d<\/li>\n<li>23 czerwca 1990 \u2013 Nowa S\u00f3l. Nowosolski Dom Kultury \u201eBudowlani\u201d. MEETING TEATR\u00d3W AMATORSKICH &#8211; META&#39;90<\/li>\n<li>16 marca 1991 \u2013 Nowa S\u00f3l. Nowosolski Dom Kultury \u201eBudowlani\u201d. MUZYKA i TEATR \u2013 MIT&#39;91<\/li>\n<li>26 kwietnia 1991 \u2013 \u015awiebodzin. Klub \u015awiebodzi\u0144skiej Sp\u00f3\u0142dzielni Mieszkaniowej \u201eBetonik\u201d<\/li>\n<li>26 maja 1997 \u2013 Nowa S\u00f3l. Nowosolski Dom Kultury \u201ePanopticum\u201d. DNI NOWEJ SOLI<\/li>\n<li>6 czerwca 1997 \u2013 Nowa S\u00f3l. Nowosolski Dom Kultury \u201ePanopticum\u201d. WOJEW\u00d3DZKI PRZEGL\u0104D TEATR\u00d3W AMATORSKICH \u2013 WOPTA&#39;97<\/li>\n<li>30 czerwca 2012 \u2013 Nowa S\u00f3l. Teatr TERMINUS A QUO. Nocne Spotkania Teatralne. LETNIE ARTYSTOWSKIE PREZENTACJE CIEKAWYCH INSCENIZACJI OFF TEATRU \u2013 LAPCIO 2012<\/li>\n","protected":false},"excerpt":{"rendered":"<p>O spektaklu &#8222;Prosto w twarz&#8221; to spektakl wyj\u0105tkowy w dorobku Teatru TAQ. Powsta\u0142 w czasie stanu wojennego w Polsce, aczkolwiek jakby nie traktuje o realiach polskich z nastawieniem na polityk\u0119 gdy\u017c opowiada o problemach Ameryki \u0141aci\u0144skiej za spraw\u0105 autora tekst\u00f3w Luisa Britto Garcii, kt\u00f3ry jest mieszka\u0144cem Wenezueli. Niemniej jakie\u015b sugestywne paralele, maj\u0105 miejsce cho\u0107 spektakl [&hellip;]<\/p>\n","protected":false},"author":1,"featured_media":445,"comment_status":"closed","ping_status":"closed","sticky":false,"template":"","format":"standard","meta":{"ngg_post_thumbnail":0,"footnotes":""},"categories":[8,4],"tags":[],"class_list":["post-443","post","type-post","status-publish","format-standard","has-post-thumbnail","hentry","category-sceniczne","category-spektakle"],"blocksy_meta":[],"yoast_head":"<!-- This site is optimized with the Yoast SEO plugin v24.5 - https:\/\/yoast.com\/wordpress\/plugins\/seo\/ -->\n<title>Prosto w Twarz - Sceniczne, Spektakle -<\/title>\n<meta name=\"robots\" content=\"index, follow, max-snippet:-1, max-image-preview:large, max-video-preview:-1\" \/>\n<link rel=\"canonical\" href=\"https:\/\/terminusaquo.eu\/teatr\/prosto-w-twarz\/\" \/>\n<meta property=\"og:locale\" content=\"pl_PL\" \/>\n<meta property=\"og:type\" content=\"article\" \/>\n<meta property=\"og:title\" content=\"Prosto w Twarz - Sceniczne, Spektakle -\" \/>\n<meta property=\"og:description\" content=\"O spektaklu &#8222;Prosto w twarz&#8221; to spektakl wyj\u0105tkowy w dorobku Teatru TAQ. Powsta\u0142 w czasie stanu wojennego w Polsce, aczkolwiek jakby nie traktuje o realiach polskich z nastawieniem na polityk\u0119 gdy\u017c opowiada o problemach Ameryki \u0141aci\u0144skiej za spraw\u0105 autora tekst\u00f3w Luisa Britto Garcii, kt\u00f3ry jest mieszka\u0144cem Wenezueli. Niemniej jakie\u015b sugestywne paralele, maj\u0105 miejsce cho\u0107 spektakl [&hellip;]\" \/>\n<meta property=\"og:url\" content=\"https:\/\/terminusaquo.eu\/teatr\/prosto-w-twarz\/\" \/>\n<meta property=\"og:site_name\" content=\"Teatr Terminus A Quo\" \/>\n<meta property=\"article:publisher\" content=\"https:\/\/www.facebook.com\/terminusaquo\" \/>\n<meta property=\"article:published_time\" content=\"2013-10-14T23:30:54+00:00\" \/>\n<meta property=\"article:modified_time\" content=\"2016-02-17T09:08:10+00:00\" \/>\n<meta property=\"og:image\" content=\"https:\/\/terminusaquo.eu\/teatr\/wp-content\/uploads\/2013\/10\/prosto-w-twarz.jpg\" \/>\n\t<meta property=\"og:image:width\" content=\"765\" \/>\n\t<meta property=\"og:image:height\" content=\"400\" \/>\n\t<meta property=\"og:image:type\" content=\"image\/jpeg\" \/>\n<meta name=\"author\" content=\"Teatr TAQ\" \/>\n<meta name=\"twitter:label1\" content=\"Napisane przez\" \/>\n\t<meta name=\"twitter:data1\" content=\"Teatr TAQ\" \/>\n\t<meta name=\"twitter:label2\" content=\"Szacowany czas czytania\" \/>\n\t<meta name=\"twitter:data2\" content=\"4 minuty\" \/>\n<script type=\"application\/ld+json\" class=\"yoast-schema-graph\">{\"@context\":\"https:\/\/schema.org\",\"@graph\":[{\"@type\":\"Article\",\"@id\":\"https:\/\/terminusaquo.eu\/teatr\/prosto-w-twarz\/#article\",\"isPartOf\":{\"@id\":\"https:\/\/terminusaquo.eu\/teatr\/prosto-w-twarz\/\"},\"author\":{\"name\":\"Teatr TAQ\",\"@id\":\"https:\/\/terminusaquo.eu\/teatr\/#\/schema\/person\/76dc769bf2139b975dc161c0184732c0\"},\"headline\":\"Prosto w Twarz\",\"datePublished\":\"2013-10-14T23:30:54+00:00\",\"dateModified\":\"2016-02-17T09:08:10+00:00\",\"mainEntityOfPage\":{\"@id\":\"https:\/\/terminusaquo.eu\/teatr\/prosto-w-twarz\/\"},\"wordCount\":733,\"publisher\":{\"@id\":\"https:\/\/terminusaquo.eu\/teatr\/#organization\"},\"image\":{\"@id\":\"https:\/\/terminusaquo.eu\/teatr\/prosto-w-twarz\/#primaryimage\"},\"thumbnailUrl\":\"https:\/\/terminusaquo.eu\/teatr\/wp-content\/uploads\/2013\/10\/prosto-w-twarz.jpg\",\"articleSection\":[\"Sceniczne\",\"Spektakle\"],\"inLanguage\":\"pl-PL\"},{\"@type\":\"WebPage\",\"@id\":\"https:\/\/terminusaquo.eu\/teatr\/prosto-w-twarz\/\",\"url\":\"https:\/\/terminusaquo.eu\/teatr\/prosto-w-twarz\/\",\"name\":\"Prosto w Twarz - Sceniczne, Spektakle -\",\"isPartOf\":{\"@id\":\"https:\/\/terminusaquo.eu\/teatr\/#website\"},\"primaryImageOfPage\":{\"@id\":\"https:\/\/terminusaquo.eu\/teatr\/prosto-w-twarz\/#primaryimage\"},\"image\":{\"@id\":\"https:\/\/terminusaquo.eu\/teatr\/prosto-w-twarz\/#primaryimage\"},\"thumbnailUrl\":\"https:\/\/terminusaquo.eu\/teatr\/wp-content\/uploads\/2013\/10\/prosto-w-twarz.jpg\",\"datePublished\":\"2013-10-14T23:30:54+00:00\",\"dateModified\":\"2016-02-17T09:08:10+00:00\",\"breadcrumb\":{\"@id\":\"https:\/\/terminusaquo.eu\/teatr\/prosto-w-twarz\/#breadcrumb\"},\"inLanguage\":\"pl-PL\",\"potentialAction\":[{\"@type\":\"ReadAction\",\"target\":[\"https:\/\/terminusaquo.eu\/teatr\/prosto-w-twarz\/\"]}]},{\"@type\":\"ImageObject\",\"inLanguage\":\"pl-PL\",\"@id\":\"https:\/\/terminusaquo.eu\/teatr\/prosto-w-twarz\/#primaryimage\",\"url\":\"https:\/\/terminusaquo.eu\/teatr\/wp-content\/uploads\/2013\/10\/prosto-w-twarz.jpg\",\"contentUrl\":\"https:\/\/terminusaquo.eu\/teatr\/wp-content\/uploads\/2013\/10\/prosto-w-twarz.jpg\",\"width\":765,\"height\":400,\"caption\":\"prosto w twarz\"},{\"@type\":\"BreadcrumbList\",\"@id\":\"https:\/\/terminusaquo.eu\/teatr\/prosto-w-twarz\/#breadcrumb\",\"itemListElement\":[{\"@type\":\"ListItem\",\"position\":1,\"name\":\"Teatr TAQ\",\"item\":\"https:\/\/terminusaquo.eu\/teatr\/\"},{\"@type\":\"ListItem\",\"position\":2,\"name\":\"Spektakle\",\"item\":\"https:\/\/terminusaquo.eu\/teatr\/spektakle\/\"},{\"@type\":\"ListItem\",\"position\":3,\"name\":\"Sceniczne\",\"item\":\"https:\/\/terminusaquo.eu\/teatr\/spektakle\/sceniczne\/\"},{\"@type\":\"ListItem\",\"position\":4,\"name\":\"Prosto w Twarz\"}]},{\"@type\":\"WebSite\",\"@id\":\"https:\/\/terminusaquo.eu\/teatr\/#website\",\"url\":\"https:\/\/terminusaquo.eu\/teatr\/\",\"name\":\"Teatr Terminus A Quo\",\"description\":\"\",\"publisher\":{\"@id\":\"https:\/\/terminusaquo.eu\/teatr\/#organization\"},\"potentialAction\":[{\"@type\":\"SearchAction\",\"target\":{\"@type\":\"EntryPoint\",\"urlTemplate\":\"https:\/\/terminusaquo.eu\/teatr\/?s={search_term_string}\"},\"query-input\":{\"@type\":\"PropertyValueSpecification\",\"valueRequired\":true,\"valueName\":\"search_term_string\"}}],\"inLanguage\":\"pl-PL\"},{\"@type\":\"Organization\",\"@id\":\"https:\/\/terminusaquo.eu\/teatr\/#organization\",\"name\":\"Teatr Terminus A Quo\",\"url\":\"https:\/\/terminusaquo.eu\/teatr\/\",\"logo\":{\"@type\":\"ImageObject\",\"inLanguage\":\"pl-PL\",\"@id\":\"https:\/\/terminusaquo.eu\/teatr\/#\/schema\/logo\/image\/\",\"url\":\"https:\/\/terminusaquo.eu\/teatr\/wp-content\/uploads\/2013\/08\/cropped-taq-news-logo.png\",\"contentUrl\":\"https:\/\/terminusaquo.eu\/teatr\/wp-content\/uploads\/2013\/08\/cropped-taq-news-logo.png\",\"width\":233,\"height\":238,\"caption\":\"Teatr Terminus A Quo\"},\"image\":{\"@id\":\"https:\/\/terminusaquo.eu\/teatr\/#\/schema\/logo\/image\/\"},\"sameAs\":[\"https:\/\/www.facebook.com\/terminusaquo\"]},{\"@type\":\"Person\",\"@id\":\"https:\/\/terminusaquo.eu\/teatr\/#\/schema\/person\/76dc769bf2139b975dc161c0184732c0\",\"name\":\"Teatr TAQ\",\"image\":{\"@type\":\"ImageObject\",\"inLanguage\":\"pl-PL\",\"@id\":\"https:\/\/terminusaquo.eu\/teatr\/#\/schema\/person\/image\/\",\"url\":\"https:\/\/secure.gravatar.com\/avatar\/2ab5fc173a67d7214d768b697dbbe2b6a8e725bfc11a7dd8377e4b5213b79fb4?s=96&d=mm&r=g\",\"contentUrl\":\"https:\/\/secure.gravatar.com\/avatar\/2ab5fc173a67d7214d768b697dbbe2b6a8e725bfc11a7dd8377e4b5213b79fb4?s=96&d=mm&r=g\",\"caption\":\"Teatr TAQ\"}}]}<\/script>\n<!-- \/ Yoast SEO plugin. -->","yoast_head_json":{"title":"Prosto w Twarz - Sceniczne, Spektakle -","robots":{"index":"index","follow":"follow","max-snippet":"max-snippet:-1","max-image-preview":"max-image-preview:large","max-video-preview":"max-video-preview:-1"},"canonical":"https:\/\/terminusaquo.eu\/teatr\/prosto-w-twarz\/","og_locale":"pl_PL","og_type":"article","og_title":"Prosto w Twarz - Sceniczne, Spektakle -","og_description":"O spektaklu &#8222;Prosto w twarz&#8221; to spektakl wyj\u0105tkowy w dorobku Teatru TAQ. Powsta\u0142 w czasie stanu wojennego w Polsce, aczkolwiek jakby nie traktuje o realiach polskich z nastawieniem na polityk\u0119 gdy\u017c opowiada o problemach Ameryki \u0141aci\u0144skiej za spraw\u0105 autora tekst\u00f3w Luisa Britto Garcii, kt\u00f3ry jest mieszka\u0144cem Wenezueli. Niemniej jakie\u015b sugestywne paralele, maj\u0105 miejsce cho\u0107 spektakl [&hellip;]","og_url":"https:\/\/terminusaquo.eu\/teatr\/prosto-w-twarz\/","og_site_name":"Teatr Terminus A Quo","article_publisher":"https:\/\/www.facebook.com\/terminusaquo","article_published_time":"2013-10-14T23:30:54+00:00","article_modified_time":"2016-02-17T09:08:10+00:00","og_image":[{"width":765,"height":400,"url":"https:\/\/terminusaquo.eu\/teatr\/wp-content\/uploads\/2013\/10\/prosto-w-twarz.jpg","type":"image\/jpeg"}],"author":"Teatr TAQ","twitter_misc":{"Napisane przez":"Teatr TAQ","Szacowany czas czytania":"4 minuty"},"schema":{"@context":"https:\/\/schema.org","@graph":[{"@type":"Article","@id":"https:\/\/terminusaquo.eu\/teatr\/prosto-w-twarz\/#article","isPartOf":{"@id":"https:\/\/terminusaquo.eu\/teatr\/prosto-w-twarz\/"},"author":{"name":"Teatr TAQ","@id":"https:\/\/terminusaquo.eu\/teatr\/#\/schema\/person\/76dc769bf2139b975dc161c0184732c0"},"headline":"Prosto w Twarz","datePublished":"2013-10-14T23:30:54+00:00","dateModified":"2016-02-17T09:08:10+00:00","mainEntityOfPage":{"@id":"https:\/\/terminusaquo.eu\/teatr\/prosto-w-twarz\/"},"wordCount":733,"publisher":{"@id":"https:\/\/terminusaquo.eu\/teatr\/#organization"},"image":{"@id":"https:\/\/terminusaquo.eu\/teatr\/prosto-w-twarz\/#primaryimage"},"thumbnailUrl":"https:\/\/terminusaquo.eu\/teatr\/wp-content\/uploads\/2013\/10\/prosto-w-twarz.jpg","articleSection":["Sceniczne","Spektakle"],"inLanguage":"pl-PL"},{"@type":"WebPage","@id":"https:\/\/terminusaquo.eu\/teatr\/prosto-w-twarz\/","url":"https:\/\/terminusaquo.eu\/teatr\/prosto-w-twarz\/","name":"Prosto w Twarz - Sceniczne, Spektakle -","isPartOf":{"@id":"https:\/\/terminusaquo.eu\/teatr\/#website"},"primaryImageOfPage":{"@id":"https:\/\/terminusaquo.eu\/teatr\/prosto-w-twarz\/#primaryimage"},"image":{"@id":"https:\/\/terminusaquo.eu\/teatr\/prosto-w-twarz\/#primaryimage"},"thumbnailUrl":"https:\/\/terminusaquo.eu\/teatr\/wp-content\/uploads\/2013\/10\/prosto-w-twarz.jpg","datePublished":"2013-10-14T23:30:54+00:00","dateModified":"2016-02-17T09:08:10+00:00","breadcrumb":{"@id":"https:\/\/terminusaquo.eu\/teatr\/prosto-w-twarz\/#breadcrumb"},"inLanguage":"pl-PL","potentialAction":[{"@type":"ReadAction","target":["https:\/\/terminusaquo.eu\/teatr\/prosto-w-twarz\/"]}]},{"@type":"ImageObject","inLanguage":"pl-PL","@id":"https:\/\/terminusaquo.eu\/teatr\/prosto-w-twarz\/#primaryimage","url":"https:\/\/terminusaquo.eu\/teatr\/wp-content\/uploads\/2013\/10\/prosto-w-twarz.jpg","contentUrl":"https:\/\/terminusaquo.eu\/teatr\/wp-content\/uploads\/2013\/10\/prosto-w-twarz.jpg","width":765,"height":400,"caption":"prosto w twarz"},{"@type":"BreadcrumbList","@id":"https:\/\/terminusaquo.eu\/teatr\/prosto-w-twarz\/#breadcrumb","itemListElement":[{"@type":"ListItem","position":1,"name":"Teatr TAQ","item":"https:\/\/terminusaquo.eu\/teatr\/"},{"@type":"ListItem","position":2,"name":"Spektakle","item":"https:\/\/terminusaquo.eu\/teatr\/spektakle\/"},{"@type":"ListItem","position":3,"name":"Sceniczne","item":"https:\/\/terminusaquo.eu\/teatr\/spektakle\/sceniczne\/"},{"@type":"ListItem","position":4,"name":"Prosto w Twarz"}]},{"@type":"WebSite","@id":"https:\/\/terminusaquo.eu\/teatr\/#website","url":"https:\/\/terminusaquo.eu\/teatr\/","name":"Teatr Terminus A Quo","description":"","publisher":{"@id":"https:\/\/terminusaquo.eu\/teatr\/#organization"},"potentialAction":[{"@type":"SearchAction","target":{"@type":"EntryPoint","urlTemplate":"https:\/\/terminusaquo.eu\/teatr\/?s={search_term_string}"},"query-input":{"@type":"PropertyValueSpecification","valueRequired":true,"valueName":"search_term_string"}}],"inLanguage":"pl-PL"},{"@type":"Organization","@id":"https:\/\/terminusaquo.eu\/teatr\/#organization","name":"Teatr Terminus A Quo","url":"https:\/\/terminusaquo.eu\/teatr\/","logo":{"@type":"ImageObject","inLanguage":"pl-PL","@id":"https:\/\/terminusaquo.eu\/teatr\/#\/schema\/logo\/image\/","url":"https:\/\/terminusaquo.eu\/teatr\/wp-content\/uploads\/2013\/08\/cropped-taq-news-logo.png","contentUrl":"https:\/\/terminusaquo.eu\/teatr\/wp-content\/uploads\/2013\/08\/cropped-taq-news-logo.png","width":233,"height":238,"caption":"Teatr Terminus A Quo"},"image":{"@id":"https:\/\/terminusaquo.eu\/teatr\/#\/schema\/logo\/image\/"},"sameAs":["https:\/\/www.facebook.com\/terminusaquo"]},{"@type":"Person","@id":"https:\/\/terminusaquo.eu\/teatr\/#\/schema\/person\/76dc769bf2139b975dc161c0184732c0","name":"Teatr TAQ","image":{"@type":"ImageObject","inLanguage":"pl-PL","@id":"https:\/\/terminusaquo.eu\/teatr\/#\/schema\/person\/image\/","url":"https:\/\/secure.gravatar.com\/avatar\/2ab5fc173a67d7214d768b697dbbe2b6a8e725bfc11a7dd8377e4b5213b79fb4?s=96&d=mm&r=g","contentUrl":"https:\/\/secure.gravatar.com\/avatar\/2ab5fc173a67d7214d768b697dbbe2b6a8e725bfc11a7dd8377e4b5213b79fb4?s=96&d=mm&r=g","caption":"Teatr TAQ"}}]}},"_links":{"self":[{"href":"https:\/\/terminusaquo.eu\/teatr\/wp-json\/wp\/v2\/posts\/443","targetHints":{"allow":["GET"]}}],"collection":[{"href":"https:\/\/terminusaquo.eu\/teatr\/wp-json\/wp\/v2\/posts"}],"about":[{"href":"https:\/\/terminusaquo.eu\/teatr\/wp-json\/wp\/v2\/types\/post"}],"author":[{"embeddable":true,"href":"https:\/\/terminusaquo.eu\/teatr\/wp-json\/wp\/v2\/users\/1"}],"replies":[{"embeddable":true,"href":"https:\/\/terminusaquo.eu\/teatr\/wp-json\/wp\/v2\/comments?post=443"}],"version-history":[{"count":0,"href":"https:\/\/terminusaquo.eu\/teatr\/wp-json\/wp\/v2\/posts\/443\/revisions"}],"wp:featuredmedia":[{"embeddable":true,"href":"https:\/\/terminusaquo.eu\/teatr\/wp-json\/wp\/v2\/media\/445"}],"wp:attachment":[{"href":"https:\/\/terminusaquo.eu\/teatr\/wp-json\/wp\/v2\/media?parent=443"}],"wp:term":[{"taxonomy":"category","embeddable":true,"href":"https:\/\/terminusaquo.eu\/teatr\/wp-json\/wp\/v2\/categories?post=443"},{"taxonomy":"post_tag","embeddable":true,"href":"https:\/\/terminusaquo.eu\/teatr\/wp-json\/wp\/v2\/tags?post=443"}],"curies":[{"name":"wp","href":"https:\/\/api.w.org\/{rel}","templated":true}]}}